{"id":134569,"date":"2022-12-17T14:47:50","date_gmt":"2022-12-17T13:47:50","guid":{"rendered":"https:\/\/www.messinaoggi.it\/website\/2022\/12\/17\/cna-sicilia-attenzione-a-caro-bollette-tavoli-tecnici-e-fondi-pnrr\/"},"modified":"2022-12-17T15:20:20","modified_gmt":"2022-12-17T14:20:20","slug":"cna-sicilia-attenzione-a-caro-bollette-tavoli-tecnici-e-fondi-pnrr","status":"publish","type":"post","link":"https:\/\/www.messinaoggi.it\/website\/2022\/12\/17\/cna-sicilia-attenzione-a-caro-bollette-tavoli-tecnici-e-fondi-pnrr\/","title":{"rendered":"Cna Sicilia \u201cAttenzione a Caro bollette, tavoli tecnici e fondi Pnrr\u201d"},"content":{"rendered":"<div>\n<p>PALERMO (ITALPRESS) \u2013 In un anno contrassegnato da crisi energetica e avvicendamenti politici il mondo delle piccole e medie imprese \u00e8 riuscito a ripartire, gettando le basi per un 2023 in cui l\u2019aspetto pi\u00f9 importante sar\u00e0 la gestione dei fondi del Pnrr. Un bilancio generale e un insieme di obiettivi programmatici sono stati tracciati nell\u2019assemblea annuale di Cna Sicilia, intitolata \u2018Le radici del saper far\u00e8.<br \/>L\u2019evento \u00e8 stato occasione di confronto con la politica: presenti l\u2019assessore alle Attivit\u00e0 produttive Edy Tamajo, il presidente della Commissione per le Attivit\u00e0 produttive all\u2019Ars Gaspare Vitrano e il presidente della Commissione regionale antimafia Antonello Cracolici, oltre al giornalista del Corriere della Sera Tommaso Labate. A fare da padroni di casa il presidente di Cna Sicilia Nello Battiato e il segretario Piero Giglione.<br \/>Non \u00e8 stato semplice per artigiani e piccole imprese, che costituiscono il 25% del Pil regionale, reggere l\u2019urto della crisi economica post guerra in Ucraina, in un contesto gi\u00e0 gravato dalle chiusure legate alla pandemia: il momento pi\u00f9 drammatico in autunno, quando il caro energia ha presentato il conto agli imprenditori con bollette insostenibili.<br \/>Dopo le proteste \u00e8 arrivato per Cna il momento delle proposte, rivolte alla politica regionale ma con lo sguardo rivolto anche a Roma. \u201cSulla manovra \u00e8 prematuro fare giudizi, anche se le prime indicazioni sembrano positive; certamente non siamo d\u2019accordo con il passaggio del superbonus dal 110% al 90%, soprattutto perch\u00e8 non c\u2019\u00e8 stata alcuna consultazione con il mondo artigianale\u201d, spiega Battiato.<br \/>Dalla Regione \u00e8 arrivato un primo stanziamento per le imprese di 365 milioni, ma tutto ruota intorno ai fondi europei: \u201cAbbiamo chiesto alla Regione di proteggere queste risorse perch\u00e8 perderle sarebbe una beffa atroce per i siciliani \u2013 sottolinea il numero uno di Cna Sicilia, \u2013 Auspichiamo inoltre che vengano istituiti nel minor tempo possibile due tavoli tecnici, uno per la progettazione e uno per le gare d\u2019appalto\u201d.<br \/>Nel fare un bilancio dell\u2019anno appena concluso, Battiato si focalizza in particolare su tre settori: \u201cL\u2019oreficeria siciliana ha bisogno di essere rilanciata e abbiamo gi\u00e0 attuato numerose iniziative in tal senso; per quanto riguarda il turismo i dati sulle presenze sono molto positivi e, nonostante il caro energie, le iniziative di Comuni e Regione per incentivare gli arrivi in Sicilia lasciano ben sperare. C\u2019\u00e8 invece molto da fare in ambito trasporti: servono reti stradali di qualit\u00e0 e poli di riferimento per la logistica, ma bisogna anche affrontare concretamente i disservizi del traffico aereo e il caro biglietti. Non \u00e8 ammissibile che la Sicilia venga esclusa dalle agevolazioni\u201d.<br \/>Un anno a due facce anche per Giglione, che evidenzia come \u201cle imprese sono state messe in ginocchio dalle conseguenze degli scenari geopolitici internazionali e il fatto che questi siano in continuo mutamento non aiuta: la colpa non \u00e8 solo della guerra in Ucraina, ma anche di cinica speculazione. Dopo le proteste di novembre ci sono arrivate indicazioni rassicuranti dal governo, sia nazionale che regionale: speriamo di fornire proposte in linea con le esigenze del territorio\u201d.<br \/>Tamajo sottolinea la necessit\u00e0 di un cambio di passo per le attivit\u00e0 produttive, in contrasto all\u2019approccio \u201ctroppo statico delle scorse legislature. Nel primo trimestre del 2023 avvieremo una serie di bandi per le imprese siciliane, in modo da accrescere la competitivit\u00e0 nel territorio: se in passato abbiamo fallito con alcuni bandi \u00e8 per la mancanza di semplificazione e per l\u2019appuntamento dei tempi per colpa della burocrazia\u201d.<br \/>Per Vitrano sono invece necessarie \u201cuna modernizzazione del mondo d\u2019impresa, insistendo sulle innovazioni tecnologiche e investendo di pi\u00f9 nella formazione, ma anche un approccio che accomuni commercio e artigianato, attraverso la stesura di un testo unico sulle attivit\u00e0 produttive. Convocheremo al pi\u00f9 presto i rappresentanti di categoria per attuare un disegno di legge che favorisca le opportunit\u00e0 del mondo d\u2019impresa\u201d. <br \/>La parola d\u2019ordine \u00e8 internazionalizzazione, che per gli artigiani significherebbe \u201cagevolare i processi di esportazione e implementare la presenza di prodotti siciliani sul mercato nazionale ed estero\u201d.<br \/>La gestione delle spese legate al Pnrr far\u00e0 emergere, secondo Cracolici, \u201cquale visione di futuro abbiamo per la Sicilia. Rispetto a trent\u2019anni fa c\u2019\u00e8 una coscienza diversa sulla mafia, nonch\u00e8 una forte consapevolezza sul modo in cui soffoca imprese e cittadini\u201d. <div id=\"div-gpt-ad-Messinaoggi.it-DSK-300x250-corpoart\" style=\"text-align:center;margin:0 auto;\"><\/div><\/p>\n<p>\u2013 foto: xd8\/Italpress<div id=\"videoincontent\" style=\"clear:both\";><\/div><\/p>\n<p>(ITALPRESS)<\/p>\n<\/div>\n","protected":false},"excerpt":{"rendered":"<p>PALERMO (ITALPRESS) \u2013 In un anno contrassegnato da crisi energetica e avvicendamenti politici il mondo delle piccole e medie imprese \u00e8 riuscito a ripartire, gettando le basi per un 2023 in cui l\u2019aspetto pi\u00f9 importante sar\u00e0 la gestione dei fondi del Pnrr. Un bilancio generale e un insieme di obiettivi programmatici sono stati tracciati nell\u2019assemblea [&hellip;]<\/p>\n","protected":false},"author":18,"featured_media":134570,"comment_status":"closed","ping_status":"closed","sticky":false,"template":"","format":"standard","meta":{"ub_ctt_via":"","_mi_skip_tracking":false},"categories":[11,2449],"tags":[783],"featured_image_src":"https:\/\/www.messinaoggi.it\/website\/wp-content\/uploads\/2022\/12\/20221217_1022.jpg","author_info":{"display_name":"Admin","author_link":"https:\/\/www.messinaoggi.it\/website\/author\/admin\/"},"digistream_id":0,"digistream":false,"_links":{"self":[{"href":"https:\/\/www.messinaoggi.it\/website\/wp-json\/wp\/v2\/posts\/134569"}],"collection":[{"href":"https:\/\/www.messinaoggi.it\/website\/wp-json\/wp\/v2\/posts"}],"about":[{"href":"https:\/\/www.messinaoggi.it\/website\/wp-json\/wp\/v2\/types\/post"}],"author":[{"embeddable":true,"href":"https:\/\/www.messinaoggi.it\/website\/wp-json\/wp\/v2\/users\/18"}],"replies":[{"embeddable":true,"href":"https:\/\/www.messinaoggi.it\/website\/wp-json\/wp\/v2\/comments?post=134569"}],"version-history":[{"count":1,"href":"https:\/\/www.messinaoggi.it\/website\/wp-json\/wp\/v2\/posts\/134569\/revisions"}],"predecessor-version":[{"id":134584,"href":"https:\/\/www.messinaoggi.it\/website\/wp-json\/wp\/v2\/posts\/134569\/revisions\/134584"}],"wp:featuredmedia":[{"embeddable":true,"href":"https:\/\/www.messinaoggi.it\/website\/wp-json\/wp\/v2\/media\/134570"}],"wp:attachment":[{"href":"https:\/\/www.messinaoggi.it\/website\/wp-json\/wp\/v2\/media?parent=134569"}],"wp:term":[{"taxonomy":"category","embeddable":true,"href":"https:\/\/www.messinaoggi.it\/website\/wp-json\/wp\/v2\/categories?post=134569"},{"taxonomy":"post_tag","embeddable":true,"href":"https:\/\/www.messinaoggi.it\/website\/wp-json\/wp\/v2\/tags?post=134569"}],"curies":[{"name":"wp","href":"https:\/\/api.w.org\/{rel}","templated":true}]}}