{"id":134525,"date":"2022-12-17T09:02:51","date_gmt":"2022-12-17T08:02:51","guid":{"rendered":"https:\/\/www.messinaoggi.it\/website\/2022\/12\/17\/accordo-schifani-giorgetti-200-milioni-alla-regione-siciliana\/"},"modified":"2022-12-17T09:02:51","modified_gmt":"2022-12-17T08:02:51","slug":"accordo-schifani-giorgetti-200-milioni-alla-regione-siciliana","status":"publish","type":"post","link":"https:\/\/www.messinaoggi.it\/website\/2022\/12\/17\/accordo-schifani-giorgetti-200-milioni-alla-regione-siciliana\/","title":{"rendered":"Accordo Schifani-Giorgetti, 200 milioni alla Regione Siciliana"},"content":{"rendered":"<div>\n<p>PALERMO (ITALPRESS) \u2013 Duecentomilioni da Roma sul bilancio della Regione Siciliana e la promssa di ricevere annualmente un trasferimento di risorse extra. Il presidente Renato Schifani, riporta il Giornale di Sicilia in edicola oggi, ha chiuso un accordo con il Ministro dell\u2019Economia Giancarlo Giorgetti. Un patto he assicura ossigeno per le casse della Regione. La richiesta della Regione \u00e8 stata recetemente riconosciuta dalla Corte Costituzionale e nasce da una norma nazionale del 2007 che aumenta di 7 punti percentuali la quota di spesa sanitaria che lo Stato decide di trasferire a carico della Regione. Ma la stessa norma prevedeva che come compensazione alla Sicilia venisse data una quota delle accise maturate nell\u2019isola. Soldi mai arrivati sostiene il Giornale di Sicilia. Da qui la richiesta di Schifani e l\u2019accordo con Giorgetti. Lo stato ottiene \u201cla chiusura definitiva della controversia\u201d. E pe gli anni \u201cdal 2007 al 2021 non \u00e8 dovuta alcuna cmpensazione finanziaria alla Regione\u201d. Schifani potr\u00e0 contare su un tesoretto da mettere nella manovra regionale 2023. Il presidente della Regione ha convocato per luned\u00ec gli assessori e con Marco Falcone presenter\u00e0 la bozza di bilancio e la Finanziaria per tentare poi un varo lampo all\u2019Ars al\u2019inizio dell\u2019anno evitado l\u2019esercizio provvisorio. <div id=\"div-gpt-ad-Messinaoggi.it-DSK-300x250-corpoart\" style=\"text-align:center;margin:0 auto;\"><\/div><\/p>\n<p>\u2013 foto: xd7\/Italpress<br \/>(ITALPRESS).<div id=\"videoincontent\" style=\"clear:both\";><\/div><\/p>\n<\/div>\n","protected":false},"excerpt":{"rendered":"<p>PALERMO (ITALPRESS) \u2013 Duecentomilioni da Roma sul bilancio della Regione Siciliana e la promssa di ricevere annualmente un trasferimento di risorse extra. Il presidente Renato Schifani, riporta il Giornale di Sicilia in edicola oggi, ha chiuso un accordo con il Ministro dell\u2019Economia Giancarlo Giorgetti. Un patto he assicura ossigeno per le casse della Regione. La [&hellip;]<\/p>\n","protected":false},"author":18,"featured_media":134526,"comment_status":"closed","ping_status":"closed","sticky":false,"template":"","format":"standard","meta":{"ub_ctt_via":"","_mi_skip_tracking":false},"categories":[2449],"tags":[783],"featured_image_src":"https:\/\/www.messinaoggi.it\/website\/wp-content\/uploads\/2022\/12\/20221217_0110.jpg","author_info":{"display_name":"Admin","author_link":"https:\/\/www.messinaoggi.it\/website\/author\/admin\/"},"digistream_id":0,"digistream":false,"_links":{"self":[{"href":"https:\/\/www.messinaoggi.it\/website\/wp-json\/wp\/v2\/posts\/134525"}],"collection":[{"href":"https:\/\/www.messinaoggi.it\/website\/wp-json\/wp\/v2\/posts"}],"about":[{"href":"https:\/\/www.messinaoggi.it\/website\/wp-json\/wp\/v2\/types\/post"}],"author":[{"embeddable":true,"href":"https:\/\/www.messinaoggi.it\/website\/wp-json\/wp\/v2\/users\/18"}],"replies":[{"embeddable":true,"href":"https:\/\/www.messinaoggi.it\/website\/wp-json\/wp\/v2\/comments?post=134525"}],"version-history":[{"count":0,"href":"https:\/\/www.messinaoggi.it\/website\/wp-json\/wp\/v2\/posts\/134525\/revisions"}],"wp:featuredmedia":[{"embeddable":true,"href":"https:\/\/www.messinaoggi.it\/website\/wp-json\/wp\/v2\/media\/134526"}],"wp:attachment":[{"href":"https:\/\/www.messinaoggi.it\/website\/wp-json\/wp\/v2\/media?parent=134525"}],"wp:term":[{"taxonomy":"category","embeddable":true,"href":"https:\/\/www.messinaoggi.it\/website\/wp-json\/wp\/v2\/categories?post=134525"},{"taxonomy":"post_tag","embeddable":true,"href":"https:\/\/www.messinaoggi.it\/website\/wp-json\/wp\/v2\/tags?post=134525"}],"curies":[{"name":"wp","href":"https:\/\/api.w.org\/{rel}","templated":true}]}}