{"id":13444,"date":"2017-12-21T16:00:13","date_gmt":"2017-12-21T15:00:13","guid":{"rendered":"http:\/\/www.messinaoggi.it\/website\/?p=13444"},"modified":"2017-12-21T16:00:13","modified_gmt":"2017-12-21T15:00:13","slug":"la-lupara-giudiziaria-domani-presentazione-del-libro-di-cateno-de-luca","status":"publish","type":"post","link":"https:\/\/www.messinaoggi.it\/website\/2017\/12\/21\/la-lupara-giudiziaria-domani-presentazione-del-libro-di-cateno-de-luca\/","title":{"rendered":"&quot;La lupara giudiziaria&quot;, domani presentazione del libro di Cateno De Luca"},"content":{"rendered":"<p>La vicenda giudiziaria di Cateno De Luca raccontata in un libro. Si chiama \u201cLa lupara giudiziaria\u201ded \u00e8 il libro del deputato regionale edito da Armando Siciliano Editore e sar\u00e0 presentato domani 22 dicembre \u00a0alle 16, 30 al teatro del Palacultura.<br \/>\nL&#8217;opera ripercorre le vicende giudiziarie del deputato regionale dell&#8217;Udc, evidenziando gli errori di chi amministra la giustizia. Interverranno il professor Carlo Taormina, avvocato e docente di procedura penale, l&#8217;onorevole Gianfranco Miccich\u00e9, presidente dell&#8217;assemblea regionale Siciliana, l&#8217;editore Armando Siciliano. Concluder\u00e0 gli interventi l&#8217;onorevole Cateno De Luca. Moderer\u00e0 l&#8217;evento il giornalista Giuseppe Bevacqua.<br \/>\nSeguir\u00e0 gran buffet di prodotti tipici siciliani ed il concerto <em>da &#8220;Manhattan a Cefal\u00f9&#8221;<\/em> con il maestro <em>Santi Scarcella<\/em>, la sua orchestra \u00a0e con lo stesso De Luca alla ciaramedda. Sempre il 22 e 23 dicembre al Palacultura si svolger\u00e0 la conferenza nazionale del consiglio federale della Fenapi, federazione nazionale autonoma piccoli imprenditori e si potr\u00e0 ammirare la mostra internazionale &#8220;<em>Elementi Continui&#8221;<\/em> del pittore Alex Caminiti.<br \/>\n <br \/>\n <div id=\"div-gpt-ad-Messinaoggi.it-DSK-300x250-corpoart\" style=\"text-align:center;margin:0 auto;\"><\/div><\/p>\n<div id=\"videoincontent\" style=\"clear:both\";><\/div>","protected":false},"excerpt":{"rendered":"<p>La vicenda giudiziaria di Cateno De Luca raccontata in un libro. Si chiama \u201cLa lupara giudiziaria\u201ded \u00e8 il libro del deputato regionale edito da Armando Siciliano Editore e sar\u00e0 presentato domani 22 dicembre \u00a0alle 16, 30 al teatro del Palacultura. L&#8217;opera ripercorre le vicende giudiziarie del deputato regionale dell&#8217;Udc, evidenziando gli errori di chi amministra [&hellip;]<\/p>\n","protected":false},"author":2,"featured_media":9210,"comment_status":"closed","ping_status":"open","sticky":false,"template":"","format":"standard","meta":{"ub_ctt_via":"","_mi_skip_tracking":false},"categories":[5],"tags":[],"featured_image_src":"https:\/\/www.messinaoggi.it\/website\/wp-content\/uploads\/2017\/10\/de-luca_1679C.jpg","author_info":{"display_name":"Redazione","author_link":"https:\/\/www.messinaoggi.it\/website\/author\/redazione\/"},"digistream_id":0,"digistream":false,"_links":{"self":[{"href":"https:\/\/www.messinaoggi.it\/website\/wp-json\/wp\/v2\/posts\/13444"}],"collection":[{"href":"https:\/\/www.messinaoggi.it\/website\/wp-json\/wp\/v2\/posts"}],"about":[{"href":"https:\/\/www.messinaoggi.it\/website\/wp-json\/wp\/v2\/types\/post"}],"author":[{"embeddable":true,"href":"https:\/\/www.messinaoggi.it\/website\/wp-json\/wp\/v2\/users\/2"}],"replies":[{"embeddable":true,"href":"https:\/\/www.messinaoggi.it\/website\/wp-json\/wp\/v2\/comments?post=13444"}],"version-history":[{"count":0,"href":"https:\/\/www.messinaoggi.it\/website\/wp-json\/wp\/v2\/posts\/13444\/revisions"}],"wp:featuredmedia":[{"embeddable":true,"href":"https:\/\/www.messinaoggi.it\/website\/wp-json\/wp\/v2\/media\/9210"}],"wp:attachment":[{"href":"https:\/\/www.messinaoggi.it\/website\/wp-json\/wp\/v2\/media?parent=13444"}],"wp:term":[{"taxonomy":"category","embeddable":true,"href":"https:\/\/www.messinaoggi.it\/website\/wp-json\/wp\/v2\/categories?post=13444"},{"taxonomy":"post_tag","embeddable":true,"href":"https:\/\/www.messinaoggi.it\/website\/wp-json\/wp\/v2\/tags?post=13444"}],"curies":[{"name":"wp","href":"https:\/\/api.w.org\/{rel}","templated":true}]}}