{"id":134435,"date":"2022-12-19T08:00:41","date_gmt":"2022-12-19T07:00:41","guid":{"rendered":"http:\/\/www.messinaoggi.it\/website\/?p=134435"},"modified":"2022-12-19T08:20:59","modified_gmt":"2022-12-19T07:20:59","slug":"una-consulta-giovanile-a-misura-di-maggioranza","status":"publish","type":"post","link":"https:\/\/www.messinaoggi.it\/website\/2022\/12\/19\/una-consulta-giovanile-a-misura-di-maggioranza\/","title":{"rendered":"Una Consulta giovanile a misura di maggioranza"},"content":{"rendered":"\n<p>Non \u00e8 cambiato molto riguardo alla Consulta Giovanile di Messina e la proposta di delibera preparata dall&#8217;Amministrazione Comunale che aveva ricevuto i pareri dalle 6 municipalit\u00e0.<div id=\"div-gpt-ad-Messinaoggi.it-DSK-300x250-corpoart\" style=\"text-align:center;margin:0 auto;\"><\/div><\/p>\n\n\n\n<p>Il Consiglio Comunale la ha approvata recentemente con 15 voti favorevoli, 2 astenuti e 2 contrari. <div id=\"videoincontent\" style=\"clear:both\";><\/div><\/p>\n\n\n\n<p>Tra i contrari i consiglieri del Partito Democratico <strong>Felice Calabr\u00f2 <\/strong>ed <strong>Antonella Russo <\/strong>che hanno espresso diversi rilievi, non accolti dalla maggioranza, tra gli astenuti il consigliere <strong>Libero Gioveni <\/strong>e il consigliere <strong>Dario Carbone<\/strong> di Fratelli d&#8217;Italia, assente invece il loro collega <strong>Pasquale Curr\u00f2.<\/strong><\/p>\n\n\n\n<p>Facciamo un po&#8217; di storia. Questa non \u00e8 la prima volta che si approva il regolamento della Consulta giovanile, cui finora per\u00f2 non \u00e8 mai stata data esecuzione.<\/p>\n\n\n\n<p>Il primo regolamento fu approvato dal Consiglio Comunale nella scorsa consiliatura sotto proposta del gruppo M5S, realizzata dai consiglieri M5S <strong>Cristina Cannistr\u00e0 <\/strong>e<strong> Pippo Fusco.<\/strong><\/p>\n\n\n\n<p>Questa approvata adesso \u00e8 la modifica proposta dall&#8217;Amministrazione Basile. Una modifica che cambia molto, nella sostanza, il senso del precedente testo approvato dal precedente Consiglio Comunale.<\/p>\n\n\n\n<p>Una piccola miglioria \u00e8 stata apportata dal Consiglio Comunale con la sostituzione nel testo, come membro dell&#8217;Assemblea permanente, del Sindaco, con un consigliere comunale della Commissione che si occupa di politiche giovanili. Ma davvero poco, perch\u00e9 le critiche fatte tanto dal PD, quanto dal consigliere della IV municipalit\u00e0 <strong>Gabriele Ferrante<\/strong> e dai giovani di Messiner\u00e0 vertevano sulla necessit\u00e0 di autonomia dei giovani della Consulta, e dal momento che prender\u00e0 parte all&#8217;Assemblea anche l&#8217;Assessore alle Politiche giovanili<\/p>\n\n\n\n<p>La presenza di qualsiasi esponente politico non espressione dei giovani della Consulta, anche se senza diritto di voto, soprattutto se ascrivibile alla Giunta o alla maggioranza consiliare, potrebbe influenzare le posizioni dell&#8217;organo.<\/p>\n\n\n\n<p>Un altro punto sollevato da Ferrante era quello relativo alla parte del documento che riportava i pareri, che pur con una leggera modifica, sembra ancora non del tutto congruente con la realt\u00e0.<\/p>\n\n\n\n<p>Il Consigliere Calabr\u00f2 ha fatto notare in aula appunto, che forse sarebbe stato meglio riscrivere la proposta, per via anche delle questioni di forma che presenta.<\/p>\n\n\n\n<p>La proposta di modifica esitata in Commissione per Ferrante conteneva &#8220;una irregolarit\u00e0 nella procedura amministrativa: nelle premesse si cita <em>il parere favorevole delle sei Municipalit\u00e0,<\/em> il ch\u00e9 risulta falso dato che alla Quarta Municipalit\u00e0, ad esempio, abbiamo dedicato tempo e studio per approfondire la questione nella III Commissione e dal Consiglio non ne \u00e8 uscito un parere favorevole, cos\u00ec come accaduto alla III Municipalit\u00e0&#8221;.<\/p>\n\n\n\n<p>Quindi diceva &#8220;ai Consiglieri Comunali che voteranno per portarla in Consiglio per il voto di approvazione finale \u00e8 stata riferita una circostanza che non corrisponde alla realt\u00e0, spero non sia minato il loro libero convincimento con questo evidente errore sostanziale&#8221;.<\/p>\n\n\n\n<p>Altra questione quella dei pareri che pu\u00f2 emettere la Consulta, che tutti i citati chiedevano fossero obbligatori, anche se non vincolanti, per le questioni inerenti le politiche giovanili affrontate dal Consiglio Comunale. <\/p>\n\n\n\n<p>Il documento approvato, per i consiglieri PD \u00e8 stato presentato &#8220;come se fosse la prima istituzione della Consulta giovanile, quando invece il relativo regolamento era stato votato dal Consiglio comunale lo scorso 13 settembre 2021, la proposta di delibera che approva, per l\u2019appunto, il Regolamento per Consulta giovanile della Citt\u00e0 di Messina&#8221;. <\/p>\n\n\n\n<p>&#8220;Peraltro, &#8211; aggiungono &#8211; la modifica al regolamento precedente, che si \u00e8 sentito il bisogno di cambiare dopo un solo anno, senza che invece sia stato messo in condizioni di essere operativo, non ha fatto altro che peggiorare il precedente atto. Come gruppo del PD abbiamo tentato di restituire dignit\u00e0 alla Consulta giovanile, ma senza risultato, visti i numeri da maggioranza bulgara che la giunta Basile vanta in Aula. Abbiamo tentato di eliminare l\u2019ingerenza dell\u2019amministrazione comunale nell\u2019attivit\u00e0 della Consulta, davanti al tentativo iniziale che addirittura anche il Sindaco e l\u2019assessore al ramo fossero inseriti in seno all\u2019organismo, ma non ci siamo riusciti; con la conseguenza che ci sar\u00e0 un rappresentante dell\u2019Istituzione comunale tra i giovani partecipanti della Consulta, e questo miner\u00e0 certamente la libert\u00e0 e l\u2019autonomia della Consulta stessa&#8221;.<\/p>\n\n\n\n<p>Una questione posta nella discussione in Consiglio Comunale dal Consigliere Calabr\u00f2 era inoltre l&#8217;incompatibilit\u00e0 del Dott. <strong>Salavtore De Francesco <\/strong>nel ruolo sia il proponente della delibera, sia di sostituto del Segretario Generale in assenza della segretaria Rossana Carrubba. <\/p>\n\n\n\n<p>Insomma, una decisione, quella del Consiglio Comunale, che desta tanti dubbi e tanti punti di discussione. Nonostante le modifiche e la presenza importante di esponenti politici all&#8217;interno dell&#8217;Assemblea, riusciranno i giovani che vi prenderanno parte a mantenersi liberi e autonomi nell&#8217;esercizio del loro pensiero e delle loro deliberazioni?<\/p>\n\n\n\n<p>Eloquente l&#8217;intervento dell&#8217;Assessora <strong>Liana Cannata <\/strong>rivolgendosi alla stampa:<\/p>\n\n\n\n<p>\u201cSi tratta di un regolamento che, rispetto al precedente testo, ha introdotto criteri giuridici di uniformit\u00e0 e omogeneit\u00e0, rendendolo pi\u00f9 chiaro. Non c\u2019\u00e8 alcuna intenzione di politicizzare la Consulta ma, anzi, di dare attuazione a questo organismo per portare avanti le istanze dei giovani. La presenza di un consigliere comunale, che in commissione si occupi di tematiche affini, e dell\u2019assessore competente nasce dall\u2019esigenza di creare un\u2019interlocuzione con i giovani. Un modo per non lasciare che le loro proposte rimangano lettera morta. I rappresentanti politici non hanno diritto di voto ma saranno presenti per dialogare e confrontarsi\u201d<\/p>\n\n\n\n<p>Secondo l&#8217;Assessora, resterebbero lettera morta le deliberazioni e non verrebbero prese in considerazione senza la presenza in assemblea di membri della Giunta e del Consiglio. <\/p>\n\n\n\n<p>Ci chiediamo, ma non si sarebbe potuto ottenere lo stesso risultato rendendo obbligatorio il parere della Consulta nei temi che interessano i giovani e rendendo magari obbligatoria anche l&#8217;audizione di delegati della Consulta in Commissione consiliare, in modo da creare un confronto diretto con il Consiglio e con la Giunta in sede istituzionale, ma al di fuori dell&#8217;Assemblea della Consulta, mantenendo libera la formazione del convincimento dei membri dell&#8217;organo giovanile comunale? <\/p>\n","protected":false},"excerpt":{"rendered":"<p>Non \u00e8 cambiato molto riguardo alla Consulta Giovanile di Messina e la proposta di delibera preparata dall&#8217;Amministrazione Comunale che aveva ricevuto i pareri dalle 6 municipalit\u00e0. Il Consiglio Comunale la ha approvata recentemente con 15 voti favorevoli, 2 astenuti e 2 contrari. Tra i contrari i consiglieri del Partito Democratico Felice Calabr\u00f2 ed Antonella Russo [&hellip;]<\/p>\n","protected":false},"author":15,"featured_media":125949,"comment_status":"open","ping_status":"open","sticky":false,"template":"","format":"standard","meta":{"ub_ctt_via":"","_mi_skip_tracking":false},"categories":[4],"tags":[],"featured_image_src":"https:\/\/www.messinaoggi.it\/website\/wp-content\/uploads\/2022\/10\/Palazzo-Zanca.jpg","author_info":{"display_name":"red.me","author_link":"https:\/\/www.messinaoggi.it\/website\/author\/red-me\/"},"digistream_id":0,"digistream":false,"_links":{"self":[{"href":"https:\/\/www.messinaoggi.it\/website\/wp-json\/wp\/v2\/posts\/134435"}],"collection":[{"href":"https:\/\/www.messinaoggi.it\/website\/wp-json\/wp\/v2\/posts"}],"about":[{"href":"https:\/\/www.messinaoggi.it\/website\/wp-json\/wp\/v2\/types\/post"}],"author":[{"embeddable":true,"href":"https:\/\/www.messinaoggi.it\/website\/wp-json\/wp\/v2\/users\/15"}],"replies":[{"embeddable":true,"href":"https:\/\/www.messinaoggi.it\/website\/wp-json\/wp\/v2\/comments?post=134435"}],"version-history":[{"count":7,"href":"https:\/\/www.messinaoggi.it\/website\/wp-json\/wp\/v2\/posts\/134435\/revisions"}],"predecessor-version":[{"id":134553,"href":"https:\/\/www.messinaoggi.it\/website\/wp-json\/wp\/v2\/posts\/134435\/revisions\/134553"}],"wp:featuredmedia":[{"embeddable":true,"href":"https:\/\/www.messinaoggi.it\/website\/wp-json\/wp\/v2\/media\/125949"}],"wp:attachment":[{"href":"https:\/\/www.messinaoggi.it\/website\/wp-json\/wp\/v2\/media?parent=134435"}],"wp:term":[{"taxonomy":"category","embeddable":true,"href":"https:\/\/www.messinaoggi.it\/website\/wp-json\/wp\/v2\/categories?post=134435"},{"taxonomy":"post_tag","embeddable":true,"href":"https:\/\/www.messinaoggi.it\/website\/wp-json\/wp\/v2\/tags?post=134435"}],"curies":[{"name":"wp","href":"https:\/\/api.w.org\/{rel}","templated":true}]}}