{"id":134261,"date":"2022-12-15T15:23:06","date_gmt":"2022-12-15T14:23:06","guid":{"rendered":"http:\/\/www.messinaoggi.it\/website\/?p=134261"},"modified":"2022-12-15T15:39:10","modified_gmt":"2022-12-15T14:39:10","slug":"viale-san-martino-il-comitato-scarica-bellantone","status":"publish","type":"post","link":"https:\/\/www.messinaoggi.it\/website\/2022\/12\/15\/viale-san-martino-il-comitato-scarica-bellantone\/","title":{"rendered":"Viale San Martino: il Comitato scarica Bellantone"},"content":{"rendered":"\n<p>Si abbatte una bufera sul viale San Martino basso, dove adesso i commercianti se la prendono con il presidente del Comitato, <strong>Marco Bellantone<\/strong>, praticamente sfiduciato dagli stessi componenti.<div id=\"div-gpt-ad-Messinaoggi.it-DSK-300x250-corpoart\" style=\"text-align:center;margin:0 auto;\"><\/div><\/p>\n\n\n\n<p>Oggi ennesima tensione in viale San Martino dove si \u00e8 sfiorata la rissa fra un commerciante e gli addetti dell&#8217;Atm pronti a prelevare le automobili posteggiate. La zona, com&#8217;\u00e8 noto, \u00e8 priva di posteggi perch\u00e8 l&#8217;amministrazione comunale ha deciso di rendere pedonale i viali dove prima era possibile parcheggiare.<div id=\"videoincontent\" style=\"clear:both\";><\/div><\/p>\n\n\n\n<p>Sull&#8217;argomento, l&#8217;assessore <strong>Massimo Finocchiario<\/strong>, durante i lavori del Consiglio comunale, riferendo in aula, ha precisato: &#8220;Abbiamo fatto quello che ci \u00e8 stato chiesto dal Comitato, le nostre intenzioni erano altre. Quella porzione di viale dove essere il cuore pulsante delle iniziative natalizie. Non lo hanno voluto&#8221;.<\/p>\n\n\n\n<p>L&#8217;assessore <strong>Massimo Finocchiaro<\/strong> e il vicesindaco <strong>Salvatore Mondello <\/strong>hanno interloquito con il Comitato, manifestando la pi\u00f9 totale apertura. Alla fine sono state assunte le decisioni sulla base di quanto proposto dal Comitato spontaneo. Ma a quanto pare non tutti i componenti erano al corrente del contenuto dalla proposta presentata a Palazzo Zanca.<\/p>\n\n\n\n<p>Da parte dell&#8217;amministrazione comunale c&#8217;\u00e8 comunque apertura. Il Comitato, mettendo da parte <strong>Marco Bellantone<\/strong> (presidente di un&#8217;associazione di commercianti di piazza Cairoli), ha chiesto un incontro a Palazzo Zanca per trovare una soluzione immediata.<\/p>\n\n\n\n<p>&#8220;Cali mostruosi &#8211; afferma <strong>Salvatore Longo<\/strong>, del bar Progresso -, continuando di questo passo ci faranno chiudere&#8221;.<\/p>\n\n\n\n<p>Stessi problemi per ristoranti, pizzerie e altri bar, oltre che per tutti gli altri esercizi commerciali.<\/p>\n\n\n\n<p>Marco Bellantone, scaricato dal Comitato, che interesse avrebbe avuto per indirizzare le scelte verso una direzione diversa da quella che era stata indicata? E poi che interesse avrebbe avuto a pedonalizare gli stalli dove sono state realizzate delle istallazioni a tema natalizio?<\/p>\n\n\n\n<p>Ultima domanda: chi le ha fatte quelle istallazioni?<\/p>\n\n\n\n<p>Domande alle quali qualcuno dovrebbe dare una risposta perch\u00e9 sull&#8217;argomento di viale San Martino basso c&#8217;\u00e8 una polemica molto pericolosa. <\/p>\n","protected":false},"excerpt":{"rendered":"<p>Si abbatte una bufera sul viale San Martino basso, dove adesso i commercianti se la prendono con il presidente del Comitato, Marco Bellantone, praticamente sfiduciato dagli stessi componenti. Oggi ennesima tensione in viale San Martino dove si \u00e8 sfiorata la rissa fra un commerciante e gli addetti dell&#8217;Atm pronti a prelevare le automobili posteggiate. La [&hellip;]<\/p>\n","protected":false},"author":2,"featured_media":134262,"comment_status":"open","ping_status":"open","sticky":false,"template":"","format":"standard","meta":{"ub_ctt_via":"","_mi_skip_tracking":false},"categories":[19,1],"tags":[5959,5405,2129,5960,79],"featured_image_src":"https:\/\/www.messinaoggi.it\/website\/wp-content\/uploads\/2022\/12\/320366834_1858869727820313_5745948852111216600_n-e1671113396278.jpg","author_info":{"display_name":"Redazione","author_link":"https:\/\/www.messinaoggi.it\/website\/author\/redazione\/"},"digistream_id":0,"digistream":false,"_links":{"self":[{"href":"https:\/\/www.messinaoggi.it\/website\/wp-json\/wp\/v2\/posts\/134261"}],"collection":[{"href":"https:\/\/www.messinaoggi.it\/website\/wp-json\/wp\/v2\/posts"}],"about":[{"href":"https:\/\/www.messinaoggi.it\/website\/wp-json\/wp\/v2\/types\/post"}],"author":[{"embeddable":true,"href":"https:\/\/www.messinaoggi.it\/website\/wp-json\/wp\/v2\/users\/2"}],"replies":[{"embeddable":true,"href":"https:\/\/www.messinaoggi.it\/website\/wp-json\/wp\/v2\/comments?post=134261"}],"version-history":[{"count":3,"href":"https:\/\/www.messinaoggi.it\/website\/wp-json\/wp\/v2\/posts\/134261\/revisions"}],"predecessor-version":[{"id":134271,"href":"https:\/\/www.messinaoggi.it\/website\/wp-json\/wp\/v2\/posts\/134261\/revisions\/134271"}],"wp:featuredmedia":[{"embeddable":true,"href":"https:\/\/www.messinaoggi.it\/website\/wp-json\/wp\/v2\/media\/134262"}],"wp:attachment":[{"href":"https:\/\/www.messinaoggi.it\/website\/wp-json\/wp\/v2\/media?parent=134261"}],"wp:term":[{"taxonomy":"category","embeddable":true,"href":"https:\/\/www.messinaoggi.it\/website\/wp-json\/wp\/v2\/categories?post=134261"},{"taxonomy":"post_tag","embeddable":true,"href":"https:\/\/www.messinaoggi.it\/website\/wp-json\/wp\/v2\/tags?post=134261"}],"curies":[{"name":"wp","href":"https:\/\/api.w.org\/{rel}","templated":true}]}}