{"id":134237,"date":"2022-12-15T13:32:53","date_gmt":"2022-12-15T12:32:53","guid":{"rendered":"https:\/\/www.messinaoggi.it\/website\/2022\/12\/15\/immigrazione-progetto-della-regione-per-ricollocare-i-migranti-nei-paesi-delle-madonie\/"},"modified":"2022-12-15T13:32:53","modified_gmt":"2022-12-15T12:32:53","slug":"immigrazione-progetto-della-regione-per-ricollocare-i-migranti-nei-paesi-delle-madonie","status":"publish","type":"post","link":"https:\/\/www.messinaoggi.it\/website\/2022\/12\/15\/immigrazione-progetto-della-regione-per-ricollocare-i-migranti-nei-paesi-delle-madonie\/","title":{"rendered":"Immigrazione, progetto della Regione per ricollocare i migranti nei paesi delle Madonie"},"content":{"rendered":"<div>\n<p>PALERMO (ITALPRESS) \u2013 No a una gestione emergenziale, s\u00ec a politiche attive per la permanenza in Sicilia: questo il messaggio che emerge dalla prima conferenza annuale sul fenomeno migratorio, tenutasi allo Splendid Hotel La Torre, a Palermo, con l\u2019obiettivo di rilanciare le politiche di accoglienza e inclusione da adottare nei confronti di quanti sbarcano sulle coste siciliane. <br \/>La conferenza, prevista dalla legge regionale 20 del 2021, si \u00e8 suddivisa in diversi focus tematici su politiche del lavoro, abitative, socio-sanitarie, istruzione e formazione, antidiscriminazione, carceri e tratta. Un percorso che parte dall\u2019analisi dei fattori che determinano le migrazioni (socio-politici, economici, demografici e ambientali), per poi spostarsi sulle politiche volte a favorire l\u2019integrazione dei profughi nel territorio: l\u2019obiettivo \u00e8 evitare che tali soggetti divengano preda di fenomeni come caporalato e sfruttamento lavorativo o che finiscano assorbiti dalle organizzazioni criminali. <br \/>Cinque i campi su cui per la Regione \u00e8 necessario intervenire: accoglienza, migliorando le condizioni abitative e superando il sistema degli insediamenti informali e dei ghetti; lavoro, superando le condizioni di illegalit\u00e0 con attivit\u00e0 di prevenzione e vigilanza; trasporti, offrendo soluzioni di mobilit\u00e0 per accrescere l\u2019autonomia dei lavoratori e contrastare il ruolo degli intermediari; integrazione, promuovendo percorsi di partecipazione attiva alla vita sociale in collaborazione con la societ\u00e0 civile e gli altri attori del territorio; governance, favorendo modelli di intervento della pubblica amministrazione efficaci e adeguati alla gestione della complessit\u00e0 sociale del fenomeno.<br \/>\u201cLa prima conferenza annuale sul fenomeno migratorio deve darci gli strumenti per garantire piena integrazione a chi arriva in Sicilia \u2013 sottolinea l\u2019assessore regionale alla Famiglia Nuccia Albano, \u2013 Queste persone non vanno aiutate solo nell\u2019immediatezza, ma devono diventare parte integrante del nostro tessuto sociale e spingere i siciliani ad aprirsi al pluralismo: non dimentichiamo che anche noi siamo stati immigrati per tanto tempo\u201d. <br \/>Albano si sofferma poi sul ruolo strategico della Sicilia, \u201cnon solo nel Mediterraneo ma anche nella Conferenza delle Regioni: siamo pi\u00f9 avanti rispetto al resto d\u2019Italia nella gestione dei fenomeni migratori, ma bisogna dare continuit\u00e0 a quanto fatto finora\u201d. Uno dei progetti avviati dalla Regione, spiega l\u2019assessore, prevede \u201cla ricollocazione dei migranti nei paesi delle Madonie, soprattutto in quelli dove lo spopolamento \u00e8 maggiore: sarebbe un notevole passo avanti per integrarli a livello sia sociale che lavorativo e ne trarrebbe beneficio anche la nostra agricoltura\u201d.<br \/>Secondo Mario Affronti, direttore regionale di Migrantes Sicilia e delegato dell\u2019arcivescovo di Palermo Corrado Lorefice, \u00e8 fondamentale insistere sulla salute, in quanto \u201c\u00e8 un diritto sancito dall\u2019articolo 32 della Costituzione. In Italia il tema degli invisibili \u00e8 serio: abbiamo pi\u00f9 di 50 mila senzatetto e 500mila immigrati senza permesso di soggiorno, 20 mila dei quali in Sicilia. Bisogna attivare percorsi adeguati di vaccinazione anche per questi soggetti, cosa che durante la pandemia non \u00e8 stata fatta: per contrastare queste diseguaglianze servono sanit\u00e0 di prossimit\u00e0, servizi elastici a bassa soglia e maggiore attenzione della politica alla partecipazione di diverse comunit\u00e0\u201d. <br \/>foto xd8 Italpress<br \/>(ITALPRESS).<div id=\"div-gpt-ad-Messinaoggi.it-DSK-300x250-corpoart\" style=\"text-align:center;margin:0 auto;\"><\/div><\/p>\n<\/div>\n<div id=\"videoincontent\" style=\"clear:both\";><\/div>","protected":false},"excerpt":{"rendered":"<p>PALERMO (ITALPRESS) \u2013 No a una gestione emergenziale, s\u00ec a politiche attive per la permanenza in Sicilia: questo il messaggio che emerge dalla prima conferenza annuale sul fenomeno migratorio, tenutasi allo Splendid Hotel La Torre, a Palermo, con l\u2019obiettivo di rilanciare le politiche di accoglienza e inclusione da adottare nei confronti di quanti sbarcano sulle [&hellip;]<\/p>\n","protected":false},"author":18,"featured_media":134238,"comment_status":"closed","ping_status":"closed","sticky":false,"template":"","format":"standard","meta":{"ub_ctt_via":"","_mi_skip_tracking":false},"categories":[2449],"tags":[783],"featured_image_src":"https:\/\/www.messinaoggi.it\/website\/wp-content\/uploads\/2022\/12\/20221215_0550.jpg","author_info":{"display_name":"Admin","author_link":"https:\/\/www.messinaoggi.it\/website\/author\/admin\/"},"digistream_id":0,"digistream":false,"_links":{"self":[{"href":"https:\/\/www.messinaoggi.it\/website\/wp-json\/wp\/v2\/posts\/134237"}],"collection":[{"href":"https:\/\/www.messinaoggi.it\/website\/wp-json\/wp\/v2\/posts"}],"about":[{"href":"https:\/\/www.messinaoggi.it\/website\/wp-json\/wp\/v2\/types\/post"}],"author":[{"embeddable":true,"href":"https:\/\/www.messinaoggi.it\/website\/wp-json\/wp\/v2\/users\/18"}],"replies":[{"embeddable":true,"href":"https:\/\/www.messinaoggi.it\/website\/wp-json\/wp\/v2\/comments?post=134237"}],"version-history":[{"count":0,"href":"https:\/\/www.messinaoggi.it\/website\/wp-json\/wp\/v2\/posts\/134237\/revisions"}],"wp:featuredmedia":[{"embeddable":true,"href":"https:\/\/www.messinaoggi.it\/website\/wp-json\/wp\/v2\/media\/134238"}],"wp:attachment":[{"href":"https:\/\/www.messinaoggi.it\/website\/wp-json\/wp\/v2\/media?parent=134237"}],"wp:term":[{"taxonomy":"category","embeddable":true,"href":"https:\/\/www.messinaoggi.it\/website\/wp-json\/wp\/v2\/categories?post=134237"},{"taxonomy":"post_tag","embeddable":true,"href":"https:\/\/www.messinaoggi.it\/website\/wp-json\/wp\/v2\/tags?post=134237"}],"curies":[{"name":"wp","href":"https:\/\/api.w.org\/{rel}","templated":true}]}}