{"id":13410,"date":"2017-12-21T08:26:58","date_gmt":"2017-12-21T07:26:58","guid":{"rendered":"http:\/\/www.messinaoggi.it\/website\/?p=13410"},"modified":"2017-12-21T08:26:58","modified_gmt":"2017-12-21T07:26:58","slug":"voragine-viale-della-liberta-alessi-e-barbera-amam-monitori-la-situazione","status":"publish","type":"post","link":"https:\/\/www.messinaoggi.it\/website\/2017\/12\/21\/voragine-viale-della-liberta-alessi-e-barbera-amam-monitori-la-situazione\/","title":{"rendered":"Voragine viale della Libert\u00e0, Alessi e Barbera: &quot;Amam monitori la situazione&quot;"},"content":{"rendered":"<p style=\"text-align: justify;\">La voragine che si \u00e8 aperta ieri sul viale della Libert\u00e0 che ha paralizzato buona parte della zona Nord, \u00e8 stato un campanello d\u2019allarme da non sottovalutare\u00a0 non solo per la tenuta delle nostre strade, ma soprattutto per l\u2019incolumit\u00e0 dei cittadini.<div id=\"div-gpt-ad-Messinaoggi.it-DSK-300x250-corpoart\" style=\"text-align:center;margin:0 auto;\"><\/div><\/p>\n<p style=\"text-align: justify;\">I consiglieri della V Circoscrizione, Giuseppe Alessi e Paolo Barbera chiedono interventi da parte dell\u2019Amam, soprattutto per evitare nuovi casi in futuro: <em>\u201cLa odierna ed urgente riparazione sulla condotta di Viale della Libert\u00e0, da parte dell&#8217;AMAM, mette in evidenza la necessit\u00e0 di porre mano, con la massima solerzia, ad uno screening sul generale livello di manutenzione della rete gestita dalla municipalizzata. Le buche che spesso appaiono sulle strade della nostra Circoscrizione ed in generale in citt\u00e0, infatti, sono causate spessissimo da perdite di acqua o da lesioni sulle tubature e sulle condutture della rete dell&#8217;AMAM.\u00a0Se \u00e8 corretto intervenire celermente, come oggi accaduto, per ristabilire le condizioni di sicurezza e di transitabilit\u00e0 delle strade con le riparazioni conseguenti, \u00e8 ancora pi\u00f9 opportuno che l&#8217;AMAM programmi urgentemente una pianificazione degli interventi di controllo e manutenzione delle tubature di Messina che, per vetust\u00e0 e per ammaloramento degli anni, necessitano di attivit\u00e0 preventiva costante in modo da evitare episodi come quelli odierni, che derivano dalla mancanza di regolare manutenzione della rete. Si ritiene che investire con razionalit\u00e0 risorse, in una seria ed approfondita attivit\u00e0 costante di screening sulle reti, da parte dell&#8217;AMAM, eviterebbe in futuro il verificarsi di danni alla rete e alla superficie stradale per riparare i quali occorre successivamente impiegare maggiori risorse economiche\u201d.<\/em><div id=\"videoincontent\" style=\"clear:both\";><\/div><\/p>\n","protected":false},"excerpt":{"rendered":"<p>La voragine che si \u00e8 aperta ieri sul viale della Libert\u00e0 che ha paralizzato buona parte della zona Nord, \u00e8 stato un campanello d\u2019allarme da non sottovalutare\u00a0 non solo per la tenuta delle nostre strade, ma soprattutto per l\u2019incolumit\u00e0 dei cittadini. I consiglieri della V Circoscrizione, Giuseppe Alessi e Paolo Barbera chiedono interventi da parte [&hellip;]<\/p>\n","protected":false},"author":2,"featured_media":13368,"comment_status":"closed","ping_status":"open","sticky":false,"template":"","format":"standard","meta":{"ub_ctt_via":"","_mi_skip_tracking":false},"categories":[6],"tags":[],"featured_image_src":"https:\/\/www.messinaoggi.it\/website\/wp-content\/uploads\/2017\/12\/viale-della-liberta-voragine.jpg","author_info":{"display_name":"Redazione","author_link":"https:\/\/www.messinaoggi.it\/website\/author\/redazione\/"},"digistream_id":0,"digistream":false,"_links":{"self":[{"href":"https:\/\/www.messinaoggi.it\/website\/wp-json\/wp\/v2\/posts\/13410"}],"collection":[{"href":"https:\/\/www.messinaoggi.it\/website\/wp-json\/wp\/v2\/posts"}],"about":[{"href":"https:\/\/www.messinaoggi.it\/website\/wp-json\/wp\/v2\/types\/post"}],"author":[{"embeddable":true,"href":"https:\/\/www.messinaoggi.it\/website\/wp-json\/wp\/v2\/users\/2"}],"replies":[{"embeddable":true,"href":"https:\/\/www.messinaoggi.it\/website\/wp-json\/wp\/v2\/comments?post=13410"}],"version-history":[{"count":0,"href":"https:\/\/www.messinaoggi.it\/website\/wp-json\/wp\/v2\/posts\/13410\/revisions"}],"wp:featuredmedia":[{"embeddable":true,"href":"https:\/\/www.messinaoggi.it\/website\/wp-json\/wp\/v2\/media\/13368"}],"wp:attachment":[{"href":"https:\/\/www.messinaoggi.it\/website\/wp-json\/wp\/v2\/media?parent=13410"}],"wp:term":[{"taxonomy":"category","embeddable":true,"href":"https:\/\/www.messinaoggi.it\/website\/wp-json\/wp\/v2\/categories?post=13410"},{"taxonomy":"post_tag","embeddable":true,"href":"https:\/\/www.messinaoggi.it\/website\/wp-json\/wp\/v2\/tags?post=13410"}],"curies":[{"name":"wp","href":"https:\/\/api.w.org\/{rel}","templated":true}]}}