{"id":134064,"date":"2022-12-14T17:01:52","date_gmt":"2022-12-14T16:01:52","guid":{"rendered":"http:\/\/www.messinaoggi.it\/website\/?p=134064"},"modified":"2022-12-14T19:30:00","modified_gmt":"2022-12-14T18:30:00","slug":"barriere-architettoniche-ferrante-citta-esige-accessibilita","status":"publish","type":"post","link":"https:\/\/www.messinaoggi.it\/website\/2022\/12\/14\/barriere-architettoniche-ferrante-citta-esige-accessibilita\/","title":{"rendered":"Barriere architettoniche, Ferrante: &#8220;Citt\u00e0 esige vivibilit\u00e0 per tutti&#8221;"},"content":{"rendered":"\n<p>Il consigliere della IV Municipalit\u00e0 <strong>Domenico<\/strong> <strong>Gabriele Ferrante<\/strong> (M5S) ha dato notizia dell&#8217;esito di una seduta di Commissione avvenuta ieri riguardo a tematiche legate alla disabilit\u00e0.<div id=\"div-gpt-ad-Messinaoggi.it-DSK-300x250-corpoart\" style=\"text-align:center;margin:0 auto;\"><\/div><\/p>\n\n\n\n<p>\u201cIeri la III Commissione della IV Municipalit\u00e0 si \u00e8 occupata di pari opportunit\u00e0 e pi\u00f9 nello specifico delle odiosissime barriere architettoniche. Su mia iniziativa, si \u00e8 aperto un dialogo con Garante e Associazioni proprio sulle pari opportunit\u00e0 e sulla vivibilit\u00e0 della citt\u00e0 per le persone con disabilit\u00e0. Hanno preso parte alla seduta la dott.ssa Tiziana De Maria, Garante della persona con disabilit\u00e0, e Placido Smedile, instancabile attivista, gi\u00e0 consigliere della IV Muncipalit\u00e0 e responsabile del coordinamento nazionale delle Associazioni dei Malati cronici e rari. Due persone eccezionali che hanno rivestito e stanno rivestendo un ruolo fondamentale nel loro campo di azione\u201d.<div id=\"videoincontent\" style=\"clear:both\";><\/div><\/p>\n\n\n\n<p>Ha spiegato il consigliere pentastellato.<\/p>\n\n\n\n<p>\u201cConsapevoli di questo dato allarmante, abbiamo fatto il punto sulle azioni da intraprendere per poter contribuire fattivamente per una svolta concreta su questo fronte. Si \u00e8 parlato di PEBA (piano di eliminazione delle barriere architettoniche), ma non solo. Il contributo della IV Municipalit\u00e0 non mancher\u00e0. L\u2019incontro \u00e8 avvenuto nella Sala Ovale di Palazzo Zanca, dato che i locali di Via dei Mille, sede della IV Municipalit\u00e0, oltre a essere vetusti, logori e privi dei minimi requisiti di sicurezza, non sono pienamente accessibili e inclusivi. Siamo all\u2019anno zero, purtroppo, ma da qualche parte si dovr\u00e0 pur iniziare\u201d.<\/p>\n\n\n\n<p>Abbiamo chiesto a Ferrante se l&#8217;amministrazione De Luca, di cui l&#8217;attuale prende il testimone, abbia fatto abbastanza in merito:<\/p>\n\n\n\n<p>\u201c\u00c8 stato fatto ben poco, &#8211; ha incalzato &#8211;  a parte i soliti interventi spot. Lo Stato e la Regione Siciliana mettono a disposizione di Comuni e privati molteplici linee di finanziamento sul fronte dell&#8217;abbattimento delle barriere architettoniche, si pensi ai ben noti Piani di Eliminazione Barriere Architettoniche (PEBA, istituiti negli anni &#8217;80!), ma non esiste traccia di adesione del Comune di Messina, nonostante la recente nota dirigenziale della Regione Siciliana che, dopo aver rimpinguato il fondo nelle passate Leggi di Bilancio, ha impartito (ulteriori) disposizioni affinch\u00e9 i Comuni dell&#8217;Isola redigessero un piano di fabbisogno complessivo comunale per arrivare a dotarsi finalmente di un Piano serio di eliminazione delle barriere architettoniche, ma a differenza di altri Comuni decisamente pi\u00f9 virtuosi sul tema, come ad esempio Palermo, non c&#8217;\u00e8 traccia di tale volont\u00e0 nell&#8217;apparato politico amministrativo messinese, nonostante le richieste arrivate anche dalla IV Municipalit\u00e0 nella scorsa Consiliatura (2019!) e i richiami della Garante per la Persona con disabilit\u00e0\u201d.<\/p>\n\n\n\n<p>L&#8217;Amministrazione Basile sembra voler intervenire, ma abbiamo chiesto se questi interventi bastino secondo il portavoce pentastellato:<\/p>\n\n\n\n<p>\u201cAdesso, tramite fondi pon-metro, stanno progettando sei interventi in sei diverse zone della Citt\u00e0, ma faccio sommessamente notare che le persone con disabilit\u00e0 potrebbero voler vivere anche fuori da queste sei zone. La IV Municipalit\u00e0, crocevia giornaliero della maggior parte dei cittadini messinesi e turisti, pu\u00f2 avere un ruolo fondamentale per impegnare l&#8217;Amministrazione a uscire da un odioso stallo che dura da oltre 30 anni\u201d.<\/p>\n\n\n\n<p>Ed ha voluto rilasciare a noi una ulteriore riflessione, che indica le priorit\u00e0 entro le quali dovrebbe muoversi a suo avviso l&#8217;azione amministrativa in merito alla questione:<\/p>\n\n\n\n<p>\u201cInsisto sul fatto che per applicare il PEBA \u00e8 necessario uno studio attento per approfondire le esigenze specifiche della citt\u00e0. Quando si usano le parole <em>vivibilit\u00e0<\/em> ed <em>accessibilit\u00e0<\/em> si dovrebbe dare ad esse un significato inequivocabile, a partire dal coinvolgere ed ascoltare direttamente i portatori di interesse, dando loro la parola in prima persona. Inutile dare carta bianca ai dipartimenti comunali di fare progetti ed agire senza questo necessario passaggio. E questo si evince chiaramente da questi 6 progetti, che escludono una importante fetta del territorio comunale, creando cittadini di serie A e B in base alle disponibilit\u00e0 dei fondi pon-metro, mentre il procedimento deve essere opposto: redigiamo una mappatura dei bisogni per poi esigere i fondi necessari a garantire un\u2019accessibilit\u00e0 totale, per tutti\u201d.<\/p>\n\n\n\n<p><strong>Michele Bruno. <\/strong><\/p>\n","protected":false},"excerpt":{"rendered":"<p>Il consigliere della IV Municipalit\u00e0 Domenico Gabriele Ferrante (M5S) ha dato notizia dell&#8217;esito di una seduta di Commissione avvenuta ieri riguardo a tematiche legate alla disabilit\u00e0. \u201cIeri la III Commissione della IV Municipalit\u00e0 si \u00e8 occupata di pari opportunit\u00e0 e pi\u00f9 nello specifico delle odiosissime barriere architettoniche. Su mia iniziativa, si \u00e8 aperto un dialogo [&hellip;]<\/p>\n","protected":false},"author":123457,"featured_media":134124,"comment_status":"open","ping_status":"open","sticky":false,"template":"","format":"standard","meta":{"ub_ctt_via":"","_mi_skip_tracking":false},"categories":[4,6],"tags":[5686,126,32,2014,5448,2972,173],"featured_image_src":"https:\/\/www.messinaoggi.it\/website\/wp-content\/uploads\/2022\/12\/Ferrante-2.jpeg","author_info":{"display_name":"Michele Bruno","author_link":"https:\/\/www.messinaoggi.it\/website\/author\/michele-bruno\/"},"digistream_id":0,"digistream":false,"_links":{"self":[{"href":"https:\/\/www.messinaoggi.it\/website\/wp-json\/wp\/v2\/posts\/134064"}],"collection":[{"href":"https:\/\/www.messinaoggi.it\/website\/wp-json\/wp\/v2\/posts"}],"about":[{"href":"https:\/\/www.messinaoggi.it\/website\/wp-json\/wp\/v2\/types\/post"}],"author":[{"embeddable":true,"href":"https:\/\/www.messinaoggi.it\/website\/wp-json\/wp\/v2\/users\/123457"}],"replies":[{"embeddable":true,"href":"https:\/\/www.messinaoggi.it\/website\/wp-json\/wp\/v2\/comments?post=134064"}],"version-history":[{"count":5,"href":"https:\/\/www.messinaoggi.it\/website\/wp-json\/wp\/v2\/posts\/134064\/revisions"}],"predecessor-version":[{"id":134157,"href":"https:\/\/www.messinaoggi.it\/website\/wp-json\/wp\/v2\/posts\/134064\/revisions\/134157"}],"wp:featuredmedia":[{"embeddable":true,"href":"https:\/\/www.messinaoggi.it\/website\/wp-json\/wp\/v2\/media\/134124"}],"wp:attachment":[{"href":"https:\/\/www.messinaoggi.it\/website\/wp-json\/wp\/v2\/media?parent=134064"}],"wp:term":[{"taxonomy":"category","embeddable":true,"href":"https:\/\/www.messinaoggi.it\/website\/wp-json\/wp\/v2\/categories?post=134064"},{"taxonomy":"post_tag","embeddable":true,"href":"https:\/\/www.messinaoggi.it\/website\/wp-json\/wp\/v2\/tags?post=134064"}],"curies":[{"name":"wp","href":"https:\/\/api.w.org\/{rel}","templated":true}]}}