{"id":133995,"date":"2022-12-13T20:02:51","date_gmt":"2022-12-13T19:02:51","guid":{"rendered":"https:\/\/www.messinaoggi.it\/website\/2022\/12\/13\/schifani-in-sicilia-serve-la-semplificazione-impegno-contro-il-caro-voli\/"},"modified":"2022-12-13T20:02:51","modified_gmt":"2022-12-13T19:02:51","slug":"schifani-in-sicilia-serve-la-semplificazione-impegno-contro-il-caro-voli","status":"publish","type":"post","link":"https:\/\/www.messinaoggi.it\/website\/2022\/12\/13\/schifani-in-sicilia-serve-la-semplificazione-impegno-contro-il-caro-voli\/","title":{"rendered":"Schifani \u201cIn Sicilia serve la semplificazione. Impegno contro il caro voli\u201d"},"content":{"rendered":"<div>\n<p>MILANO (ITALPRESS) \u2013 \u201cLa Sicilia \u00e8 l\u2019unica regione che non ha privatizzato gli aeroporti. Privatizzare significa inserire governance competitive di manager che tendono ad aumentare il numero di vettori che atterrano. Manca questa gestione manageriale che invece fa decollare tutti gli altri aeroporti\u201d. Lo ha detto Renato Schifani, presidente della Regione Siciliana, intervistato da Claudio Brachino per la rubrica \u201cPrimo Piano\u201d dell\u2019Agenzia Italpress.<br \/>Per Schifani \u201cil processo di privatizzazione dei due scali aeroportuali va avviato. Agevoleranno i cittadini e le casse di enti pubblici proprietari dell\u2019aeroporto\u201d, ha evidenziato. \u201cI processi di privatizzazione \u2013 ha aggiunto \u2013 ormai sono gestiti da regole ferree e di trasparenza, quindi pericoli di infiltrazioni ormai ne vedo pochi. Naturalmente \u2013 ha detto \u2013 saremo rigorosissimi, per\u00f2 \u00e8 un sistema collaudato sotto il profilo procedurale\u201d.<br \/>Schifani si \u00e8 soffermato anche sui prezzi elevati per l\u2019acquisto di biglietti aerei per la Sicilia. \u201cAbbiamo denunciato all\u2019Antitrust questa anomalia che pagano i siciliani: da quando faccio politica \u2013 ha evidenziato \u2013 \u00e8 la prima volta che si assiste a prezzi come 600-700 euro per tornare da Roma a Palermo, mentre a New York si arriva con molto meno. Sono fortemente impegnato e con me credo di avere tutto il popolo siciliano. Andr\u00f2 avanti e non mi fermer\u00f2 perch\u00e8 \u00e8 un fatto inconcepibile\u201d.<br \/>In tema di collegamenti, c\u2019\u00e8 anche la questione del Ponte sullo Stretto. \u201cDevo ringraziare pubblicamente il ministro Salvini \u2013 ha detto Schifani \u2013 che si sta spendendo in una maniera senza precedenti e sar\u00f2 al suo fianco senza se e senza ma. Devo ringraziarlo \u2013 ha continuato \u2013 perch\u00e8 si sta impegnando molto. Gi\u00e0 abbiamo fatto un paio di incontri e ha spiegato il percorso che io e il presidente della Calabria Occhiuto abbiamo condiviso\u201d. Tra quanto tempo si potr\u00e0 vedere la prima parte materiale di quest\u2019opera? \u201cNon dipende da me \u2013 ha affermato Schifani \u2013 ma comunque non meno di un anno o un anno e mezzo perch\u00e8 bisogna mettere a posto tante carte che prima erano sparigliate. Il mio sogno \u2013 ha concluso \u2013 sarebbe riuscire a mettere la prima pietra entro un paio di anni, insieme al ministro Salvini e a Roberto Occhiuto\u201d.<br \/>In Sicilia sono necessarie alcune riforme. Innanzitutto, per Schifani, occorre \u201csemplificare\u201d. \u201cLa Sicilia \u2013 ha spiegato \u2013 in questi anni \u00e8 rimasta al palo. In campagna elettorale ho incontrato tutti i corpi intermedi, il mondo produttivo e non del nostro sistema e ho registrato un appello accorato: sbloccate i sistemi decisionali\u201d. \u201cProprio oggi \u2013 ha aggiunto il governatore siciliano \u2013 la mia giunta ha deciso di attivare un processo legislativo finalizzato a rivedere da qui a qualche settimana le procedure di funzionamento del Comitato tecnico-scientifico, rivederne i componenti, le regole e la funzione del presidente. Occorre adeguarsi alle richieste che vengono da tutte le parti del mondo per gli investimenti in Sicilia\u201d. Inoltre, \u201creintrodurremo le province\u201d, ha aggiunto. \u201cLo vuole il governo \u2013 ha continuato \u2013 e lo vuole il territorio. A breve presenteremo un disegno di legge che ci riporta all\u2019elezione diretta dei presidenti delle province, non soltanto per una maggiore democrazia quanto per una maggiore efficienza delle istituzioni sul territorio\u201d.<br \/>Si discute anche di termovalorizzatori. \u201cGi\u00e0 in campagna elettorale \u2013 ha affermato \u2013 mi sono espresso per i due termovalorizzatori in Sicilia perch\u00e8 senza questa soluzione non ne vedo altre. A volte mi confronto con opposizioni di carattere ideologico e non realistico. Andr\u00f2 avanti seguendo le procedure corrette per la realizzazione di queste due grandi realt\u00e0\u201d.<br \/>Un\u2019altra sfida \u00e8 quella del Pnrr: \u201cPer quanto mi riguarda \u2013 ha detto il governatore siciliano -, ho riunito tutti i capi dipartimento, con il segretario generale e gli assessori, per fare il punto e capire bene a che punto si \u00e8 nell\u2019attuazione dei progetti del Pnrr. E\u2019 un\u2019occasione che non possiamo perdere \u2013 ha aggiunto \u2013 ma sono abbastanza fiducioso perch\u00e8 vigilo\u201d.<br \/>All\u2019ordine del giorno c\u2019\u00e8 anche il tema dell\u2019autonomia. \u201cGi\u00e0 le Regioni \u2013 ha affermato \u2013 hanno un\u2019autonomia differenziata sulla sanit\u00e0 e sappiamo bene come esista una differenza tra la sanit\u00e0 del Mezzogiorno e quella del Nord. Queste autonomie hanno effettivamente determinato differenze, non per colpa degli operatori del Mezzogiorno ma anche dei trasferimenti pubblici e dei sistemi organizzativi. Incontrer\u00f2 il ministro Calderoli per discutere con calma di questo argomento. Chieder\u00f2 innanzitutto tempi certi per individuare i livelli unitari delle prestazioni\u201d. Schifani ha ricordato che \u201cla Sicilia gode dell\u2019autonomia finanziaria\u201d ma \u201cnon \u00e8 applicata\u201d. \u201cQuando si aprir\u00e0 un tavolo, ritengo \u2013 ha aggiunto \u2013 che sia la volta buona per discutere del ripristino di questo principio costituzionale\u201d.<br \/>-foto Italpress- <br \/>(ITALPRESS).<div id=\"div-gpt-ad-Messinaoggi.it-DSK-300x250-corpoart\" style=\"text-align:center;margin:0 auto;\"><\/div><\/p>\n<\/div>\n<div id=\"videoincontent\" style=\"clear:both\";><\/div>","protected":false},"excerpt":{"rendered":"<p>MILANO (ITALPRESS) \u2013 \u201cLa Sicilia \u00e8 l\u2019unica regione che non ha privatizzato gli aeroporti. Privatizzare significa inserire governance competitive di manager che tendono ad aumentare il numero di vettori che atterrano. Manca questa gestione manageriale che invece fa decollare tutti gli altri aeroporti\u201d. Lo ha detto Renato Schifani, presidente della Regione Siciliana, intervistato da Claudio [&hellip;]<\/p>\n","protected":false},"author":18,"featured_media":133996,"comment_status":"closed","ping_status":"closed","sticky":false,"template":"","format":"standard","meta":{"ub_ctt_via":"","_mi_skip_tracking":false},"categories":[2449],"tags":[783],"featured_image_src":"https:\/\/www.messinaoggi.it\/website\/wp-content\/uploads\/2022\/12\/20221213_1971.jpg","author_info":{"display_name":"Admin","author_link":"https:\/\/www.messinaoggi.it\/website\/author\/admin\/"},"digistream_id":0,"digistream":false,"_links":{"self":[{"href":"https:\/\/www.messinaoggi.it\/website\/wp-json\/wp\/v2\/posts\/133995"}],"collection":[{"href":"https:\/\/www.messinaoggi.it\/website\/wp-json\/wp\/v2\/posts"}],"about":[{"href":"https:\/\/www.messinaoggi.it\/website\/wp-json\/wp\/v2\/types\/post"}],"author":[{"embeddable":true,"href":"https:\/\/www.messinaoggi.it\/website\/wp-json\/wp\/v2\/users\/18"}],"replies":[{"embeddable":true,"href":"https:\/\/www.messinaoggi.it\/website\/wp-json\/wp\/v2\/comments?post=133995"}],"version-history":[{"count":0,"href":"https:\/\/www.messinaoggi.it\/website\/wp-json\/wp\/v2\/posts\/133995\/revisions"}],"wp:featuredmedia":[{"embeddable":true,"href":"https:\/\/www.messinaoggi.it\/website\/wp-json\/wp\/v2\/media\/133996"}],"wp:attachment":[{"href":"https:\/\/www.messinaoggi.it\/website\/wp-json\/wp\/v2\/media?parent=133995"}],"wp:term":[{"taxonomy":"category","embeddable":true,"href":"https:\/\/www.messinaoggi.it\/website\/wp-json\/wp\/v2\/categories?post=133995"},{"taxonomy":"post_tag","embeddable":true,"href":"https:\/\/www.messinaoggi.it\/website\/wp-json\/wp\/v2\/tags?post=133995"}],"curies":[{"name":"wp","href":"https:\/\/api.w.org\/{rel}","templated":true}]}}