{"id":133982,"date":"2022-12-13T17:47:50","date_gmt":"2022-12-13T16:47:50","guid":{"rendered":"https:\/\/www.messinaoggi.it\/website\/2022\/12\/13\/nasce-a-palermo-luniversita-diffusa-accordo-tra-ateneo-e-cinque-scuole\/"},"modified":"2022-12-13T17:47:50","modified_gmt":"2022-12-13T16:47:50","slug":"nasce-a-palermo-luniversita-diffusa-accordo-tra-ateneo-e-cinque-scuole","status":"publish","type":"post","link":"https:\/\/www.messinaoggi.it\/website\/2022\/12\/13\/nasce-a-palermo-luniversita-diffusa-accordo-tra-ateneo-e-cinque-scuole\/","title":{"rendered":"Nasce a Palermo \u201cl\u2019Universit\u00e0 diffusa\u201d, accordo tra Ateneo e cinque scuole"},"content":{"rendered":"<div>\n<p>PALERMO (ITALPRESS) \u2013 Il Rettore dell\u2019Universit\u00e0 degli Studi di Palermo, Massimo Midiri, i Dirigenti Scolastici, Valeria Catalano dell\u2019Istituto Comprensivo \u201cColozza-Bonfiglio\u201d, Domenico Di Fatta dell\u2019Istituto Magistrale \u201cRegina Margherita\u201d, Mariangela Ajello del Liceo Classico \u201cVittorio Emanuele II\u201d, Simonetta Calafiore del Liceo Scientifico \u201cBenedetto Croce\u201d, Francesco Paolo Camillo dell\u2019Istituto Comprensivo \u201cLombardo Radice\u201d, e il presidente dell\u2019Associazione \u201cParco del Sole\u201d, Massimo Messina, hanno siglato un accordo in vista della promozione e rigenerazione culturale e civica dei territori in cui insistono le loro istituzioni.<br \/>Il protocollo d\u2019intesa prevede una stretta collaborazione tra le parti per istituire una \u201cUniversit\u00e0 diffusa\u201d, con \u201cPercorsi\u201d tematici di ampio respiro, dalla cura ambientale alla storia del quartiere, dall\u2019educazione alla salute alle nozioni di primo soccorso, dalla biologia e chimica nel mondo circostante alla gestione nonviolenta dei conflitti, ai pregiudizi di genere, alla lettura recitata, all\u2019interculturalit\u00e0, alla musica, alla cittadinanza e all\u2019impegno civile, all\u2019amministrazione del bene comune, che, tramite il fondamentale apporto di tutti i partner del progetto, vengono offerti non solo a studentesse e studenti ma anche a persone adulte.<br \/>\u00abL\u2019accordo siglato oggi \u00e8 una vera e propria alleanza di responsabilit\u00e0 sociale verso il nostro territorio \u2013 commenta il Rettore Massimo Midiri \u2013 L\u2019Universit\u00e0 diffusa \u00e8 una preziosa opportunit\u00e0 di integrazione e formazione permanente, una collaborazione tra diverse realt\u00e0 e diverse generazioni per favorire lo sviluppo e il rafforzamento solidale del nostro territorio\u00bb.<br \/>\u00abL\u2019accordo \u2013 spiega Andrea Cozzo, Delegato del Rettore per le Attivit\u00e0 formative sul territorio \u2013 stabilisce che UniPa metta a disposizione il personale docente e le scuole e l\u2019associazione offrano gli spazi necessari e intercettino le persone fruitrici dei Percorsi\u00bb.<br \/>\u00abAbbiamo accolto con entusiasmo l\u2019iniziativa dell\u2019Universit\u00e0 Diffusa \u2013 dichiara la professoressa Calafiore \u2013 perch\u00e8 del tutto in linea con la progettazione della mia scuola, da anni in rete per rafforzare il tessuto culturale di un contesto altamente disagiato. La lotta alla povert\u00e0 educativa, vera emergenza sociale della citt\u00e0, ha bisogno dell\u2019autentica cooperazione di tanti soggetti, soprattutto quando gli obiettivi sono allargati anche agli adulti, destinatari certo difficili da raggiungere ma cruciali nel percorso di riscatto dell\u2019intera comunit\u00e0\u00bb.<br \/>\u00abSono ben lieto di collaborare all\u2019attuazione dell\u2019Universit\u00e0 Diffusa \u2013 dice il professore Di Fatta \u2013 in quanto rappresenta un importante passo verso l\u2019allargamento dei saperi a fasce di popolazione che per svariati motivi ne sono rimaste escluse\u00bb.<br \/>\u00abConsidero il progetto promotore di una formazione che non solo vede tante generazioni arricchirsi reciprocamente \u2013 commenta la professoressa Catalano \u2013 ma che si propone anche di essere \u2018diffus\u00e0 in tanti luoghi che, cos\u00ec, abbattono confini, mescolando un\u2019armonia di saperi e conoscenze universali e inclusive\u00bb.<br \/>\u00abLa sinergia tra UniPa, scuole e l\u2019Associazione Parco del Sole, da sempre impegnata nel sociale \u2013 sottolinea Messina \u2013 contribuisce proficuamente ad attuare l\u2019articolo 3 della Costituzione e a creare le condizioni per un\u2019uguaglianza reale tra le persone, riuscendo ad includere anche le pi\u00f9 svantaggiate\u00bb.<br \/>\u00abIl progetto Universit\u00e0 Diffusa \u2013 commenta la professoressa Ajello \u2013 costituisce una straordinaria opportunit\u00e0 di contribuire allo sviluppo di un modello di compartecipazione e di cooperare con l\u2019Universit\u00e0 e tutte le Parti del progetto per lo sviluppo culturale del nostro territorio\u00bb.<br \/>foto ufficio stampa Universit\u00e0 degli Studi Palermo<br \/>(ITALPRESS).<div id=\"div-gpt-ad-Messinaoggi.it-DSK-300x250-corpoart\" style=\"text-align:center;margin:0 auto;\"><\/div><\/p>\n<\/div>\n<div id=\"videoincontent\" style=\"clear:both\";><\/div>","protected":false},"excerpt":{"rendered":"<p>PALERMO (ITALPRESS) \u2013 Il Rettore dell\u2019Universit\u00e0 degli Studi di Palermo, Massimo Midiri, i Dirigenti Scolastici, Valeria Catalano dell\u2019Istituto Comprensivo \u201cColozza-Bonfiglio\u201d, Domenico Di Fatta dell\u2019Istituto Magistrale \u201cRegina Margherita\u201d, Mariangela Ajello del Liceo Classico \u201cVittorio Emanuele II\u201d, Simonetta Calafiore del Liceo Scientifico \u201cBenedetto Croce\u201d, Francesco Paolo Camillo dell\u2019Istituto Comprensivo \u201cLombardo Radice\u201d, e il presidente dell\u2019Associazione \u201cParco del [&hellip;]<\/p>\n","protected":false},"author":18,"featured_media":133983,"comment_status":"closed","ping_status":"closed","sticky":false,"template":"","format":"standard","meta":{"ub_ctt_via":"","_mi_skip_tracking":false},"categories":[2449],"tags":[783],"featured_image_src":"https:\/\/www.messinaoggi.it\/website\/wp-content\/uploads\/2022\/12\/20221213_1629.jpg","author_info":{"display_name":"Admin","author_link":"https:\/\/www.messinaoggi.it\/website\/author\/admin\/"},"digistream_id":0,"digistream":false,"_links":{"self":[{"href":"https:\/\/www.messinaoggi.it\/website\/wp-json\/wp\/v2\/posts\/133982"}],"collection":[{"href":"https:\/\/www.messinaoggi.it\/website\/wp-json\/wp\/v2\/posts"}],"about":[{"href":"https:\/\/www.messinaoggi.it\/website\/wp-json\/wp\/v2\/types\/post"}],"author":[{"embeddable":true,"href":"https:\/\/www.messinaoggi.it\/website\/wp-json\/wp\/v2\/users\/18"}],"replies":[{"embeddable":true,"href":"https:\/\/www.messinaoggi.it\/website\/wp-json\/wp\/v2\/comments?post=133982"}],"version-history":[{"count":0,"href":"https:\/\/www.messinaoggi.it\/website\/wp-json\/wp\/v2\/posts\/133982\/revisions"}],"wp:featuredmedia":[{"embeddable":true,"href":"https:\/\/www.messinaoggi.it\/website\/wp-json\/wp\/v2\/media\/133983"}],"wp:attachment":[{"href":"https:\/\/www.messinaoggi.it\/website\/wp-json\/wp\/v2\/media?parent=133982"}],"wp:term":[{"taxonomy":"category","embeddable":true,"href":"https:\/\/www.messinaoggi.it\/website\/wp-json\/wp\/v2\/categories?post=133982"},{"taxonomy":"post_tag","embeddable":true,"href":"https:\/\/www.messinaoggi.it\/website\/wp-json\/wp\/v2\/tags?post=133982"}],"curies":[{"name":"wp","href":"https:\/\/api.w.org\/{rel}","templated":true}]}}