{"id":13398,"date":"2017-12-20T16:31:34","date_gmt":"2017-12-20T15:31:34","guid":{"rendered":"http:\/\/www.messinaoggi.it\/website\/?p=13398"},"modified":"2017-12-20T16:31:34","modified_gmt":"2017-12-20T15:31:34","slug":"in-arrivo-44-mln-per-la-nostra-provincia-calanna-un-aiuto-sostanziale-contro-la-crisi","status":"publish","type":"post","link":"https:\/\/www.messinaoggi.it\/website\/2017\/12\/20\/in-arrivo-44-mln-per-la-nostra-provincia-calanna-un-aiuto-sostanziale-contro-la-crisi\/","title":{"rendered":"In arrivo 44 mln per la nostra provincia, Calanna: &quot;Un aiuto sostanziale contro la crisi&quot;"},"content":{"rendered":"<p style=\"text-align: justify\">Quarantaquattro progetti finanziati per quaranta milioni di euro, che risolveranno parecchi problemi di quaranta Comuni della nostra provincia. Questa la convenzione firmata due giorni fa a Palazzo Chigi dal commissario della Citt\u00e0 Metropolitana di Messina, Francesco Calanna, che riguarda il progetto per la riqualificazione urbana delle periferie. Progetti che erano stati presentati da tutti e centotto Comuni della provincia, a Roma il compito di stilare una graduatoria per il finanziamento. Adesso, i Comuni i quali progetti sono rientrati nella graduatoria, dovranno aspettare che il tutto venga pubblicato sulla Gazzetta Ufficiale, entro quarantacinque giorni.<div id=\"div-gpt-ad-Messinaoggi.it-DSK-300x250-corpoart\" style=\"text-align:center;margin:0 auto;\"><\/div><\/p>\n<p style=\"text-align: justify\">Poi le amministrazioni comunali dovranno fare proprio il decreto con una delibera di Giunta e realizzare i progetti esecutivi entro e non oltre sessanta giorni dall\u2019avvenuta pubblicazione sulla Gazzetta Ufficiale. Un termine perentorio che non dev\u2019essere superato, altrimenti subentrer\u00e0 il primo dei progetti del Comune della stessa provincia rimasto \u00a0escluso dalla graduatoria.<div id=\"videoincontent\" style=\"clear:both\";><\/div><\/p>\n<p style=\"text-align: justify\">In molte realt\u00e0 per\u00f2 non si \u00e8 perso tempo e diversi progetti definitivi sono gi\u00e0 stati ultimati. In questo caso i Comuni potranno inserire i progetti nel sistema nazionale di monitoraggio e ricevere il 20% della somma. \u00a0\u00a0Il commissario della Citt\u00e0 Metropolitana, Francesco Calanna ha sottolineato: <em>\u201cLe nostre periferie sono i centotto Comuni della provincia, ci sono degli elementi che caratterizzano questi finanziamenti. C&#8217;\u00e8 stato un forte senso di equit\u00e0, infatti il nostro territorio avr\u00e0 gli stessi soldi della Citt\u00e0 Metropolitana di Roma, mentre in futuro arriveranno altri fondi, non si lavorer\u00e0 solo alle infrastrutture ma anche a \u00a0tutti quei progetti che danno un forte impulso alla socializzazione, in un momento di forte crisi economica dobbiamo vincere la paura, la paura dell\u2019altro, invece la rigenerazione urbana vuole creare punti di socializzazione e far riscoprire il piacere di stare insieme\u201d.<\/em><\/p>\n<p style=\"text-align: justify\">Andando nello specifico, nella lista dei quarantaquattro progetti, spiccano la riqualificazione dell\u2019ex Pretura di Santa Teresa di Riva dove sorger\u00e0 il polo socio-sanitario, cos\u00ec come la qualificazione della palestra comunale di contrada Bucalo, il tutto per pi\u00f9 di 2 milioni e 250mila euro. A Letojanni ci saranno le riqualificazioni dei sottopassaggi ferroviari di Baglio, Valdastico e Vespri, cos\u00ec come sar\u00e0 creata una rotatoria sulla Strada Stata\u00f2e 114 e la locale azienda di trasporti pubblici potr\u00e0 acquistare tre pulmini elettrici, il tutto per 2 milioni e 695mila euro. A Castroreale si effettuer\u00e0 il progetto di riqualificazione urbana nelle aree degradate di Bafia e Stralcio, valore da poco meno di 2 milioni di euro.<\/p>\n<p style=\"text-align: justify\">Cantieri che per Calanna possono rappresentare anche uno strumento per creare occupazione: <em>\u201cSi dar\u00e0 lavoro, ci sar\u00e0 bisogno di manodopera, di maestranze e ci sar\u00e0 lavoro seppur momentaneo. Ieri abbiamo incontrato i 40 sindaci interessati per programmare insieme, gli ho detto della sottoscrizione della convenzione\u201d.<\/em><\/p>\n<p>Foto Rocco Papandrea<\/p>\n","protected":false},"excerpt":{"rendered":"<p>Quarantaquattro progetti finanziati per quaranta milioni di euro, che risolveranno parecchi problemi di quaranta Comuni della nostra provincia. Questa la convenzione firmata due giorni fa a Palazzo Chigi dal commissario della Citt\u00e0 Metropolitana di Messina, Francesco Calanna, che riguarda il progetto per la riqualificazione urbana delle periferie. Progetti che erano stati presentati da tutti e [&hellip;]<\/p>\n","protected":false},"author":1,"featured_media":13392,"comment_status":"closed","ping_status":"open","sticky":false,"template":"","format":"standard","meta":{"ub_ctt_via":"","_mi_skip_tracking":false},"categories":[6],"tags":[],"featured_image_src":"https:\/\/www.messinaoggi.it\/website\/wp-content\/uploads\/2017\/12\/conf-stampa-provincia-RRP_7836.jpg","author_info":{"display_name":"admin@admin.com","author_link":"https:\/\/www.messinaoggi.it\/website\/author\/adminadmin-com\/"},"digistream_id":0,"digistream":false,"_links":{"self":[{"href":"https:\/\/www.messinaoggi.it\/website\/wp-json\/wp\/v2\/posts\/13398"}],"collection":[{"href":"https:\/\/www.messinaoggi.it\/website\/wp-json\/wp\/v2\/posts"}],"about":[{"href":"https:\/\/www.messinaoggi.it\/website\/wp-json\/wp\/v2\/types\/post"}],"author":[{"embeddable":true,"href":"https:\/\/www.messinaoggi.it\/website\/wp-json\/wp\/v2\/users\/1"}],"replies":[{"embeddable":true,"href":"https:\/\/www.messinaoggi.it\/website\/wp-json\/wp\/v2\/comments?post=13398"}],"version-history":[{"count":0,"href":"https:\/\/www.messinaoggi.it\/website\/wp-json\/wp\/v2\/posts\/13398\/revisions"}],"wp:featuredmedia":[{"embeddable":true,"href":"https:\/\/www.messinaoggi.it\/website\/wp-json\/wp\/v2\/media\/13392"}],"wp:attachment":[{"href":"https:\/\/www.messinaoggi.it\/website\/wp-json\/wp\/v2\/media?parent=13398"}],"wp:term":[{"taxonomy":"category","embeddable":true,"href":"https:\/\/www.messinaoggi.it\/website\/wp-json\/wp\/v2\/categories?post=13398"},{"taxonomy":"post_tag","embeddable":true,"href":"https:\/\/www.messinaoggi.it\/website\/wp-json\/wp\/v2\/tags?post=13398"}],"curies":[{"name":"wp","href":"https:\/\/api.w.org\/{rel}","templated":true}]}}