{"id":133962,"date":"2022-12-13T17:10:02","date_gmt":"2022-12-13T16:10:02","guid":{"rendered":"http:\/\/www.messinaoggi.it\/website\/?p=133962"},"modified":"2022-12-13T17:10:03","modified_gmt":"2022-12-13T16:10:03","slug":"sciopero-manovra-anche-messina-in-piazza","status":"publish","type":"post","link":"https:\/\/www.messinaoggi.it\/website\/2022\/12\/13\/sciopero-manovra-anche-messina-in-piazza\/","title":{"rendered":"Sciopero manovra, anche Messina in piazza"},"content":{"rendered":"\n<p>In questi giorni \u00e8 in discussione la Manovra finanziaria del Governo guidato da <strong>Giorgia Meloni <\/strong>e <strong>i sindacati Cgil e Uil <\/strong>da tempo esprimono il loro disappunto per diversi provvedimenti previsti dall&#8217;esecutivo di centrodestra.<div id=\"div-gpt-ad-Messinaoggi.it-DSK-300x250-corpoart\" style=\"text-align:center;margin:0 auto;\"><\/div><\/p>\n\n\n\n<p>Fino al 16 Dicembre, infatti, andranno in scena una serie di mobilitazioni regionali indette dalle due realt\u00e0 sindacali che copriranno cos\u00ec l&#8217;intero Paese. Ieri \u00e8 stato il turno della Calabria, oggi quello della Sicilia e dell&#8217;Umbria. <div id=\"videoincontent\" style=\"clear:both\";><\/div><\/p>\n\n\n\n<p>A Palermo circa 3mila persone, stando alle nostre fonti, si sono riunite a Piazza Politeama per poi dare vita ad un corteo che ha raggiunto Piazza Verdi, dove \u00e8 andato in scena il comizio del segretario regionale Uil <strong>Salvatore Gutilla<\/strong> e della vice segretaria nazionale della Cgil, <strong>Gianna Fracassi.<\/strong> Hanno parlato anche lavoratori e pensionati. <\/p>\n\n\n\n<p>Tutti i settori, nel corteo, dai lavoratori della scuola e della sanit\u00e0, a quelli del credito, del pubblico impiego, del mondo bracciantile, dell\u2019industria, dello spettacolo e produzione culturale, delle telecomunicazioni, i giovani e i pensionati. Hanno partecipato alla mobilitazione anche i giovani di Udu Sicilia, con una folta rappresentanza dei giovani studenti universitari messinesi. Durante le 4 ore di sciopero si sono fermati anche i treni. <\/p>\n\n\n\n<p><strong>Cosa contestano i sindacati, i\/le lavoratori\/trici e gli\/le studenti\/esse?<\/strong><\/p>\n\n\n\n<p>Sarebbero scarsi o assenti i provvedimenti per lo sviluppo del Mezzogiorno,    assenti aumenti degli stipendi, misure adeguate per le pensioni, criticano l&#8217;abolizione del reddito di cittadinanza, i voucher e l&#8217;attuale impostazione di opzione donna, contestano Autonomia differenziata e Flat tax che sarebbero un colpo per i redditi dei lavoratori siciliani. <\/p>\n\n\n\n<p><strong>Cosa chiedono?<\/strong><\/p>\n\n\n\n<p>Stipendi migliori, flessibilit\u00e0 per le pensioni con riguardo in particolare al lavoro saltuario, interventi contro povert\u00e0 e precariet\u00e0 e per il lavoro e lo sviluppo sostenibile.<\/p>\n","protected":false},"excerpt":{"rendered":"<p>In questi giorni \u00e8 in discussione la Manovra finanziaria del Governo guidato da Giorgia Meloni e i sindacati Cgil e Uil da tempo esprimono il loro disappunto per diversi provvedimenti previsti dall&#8217;esecutivo di centrodestra. Fino al 16 Dicembre, infatti, andranno in scena una serie di mobilitazioni regionali indette dalle due realt\u00e0 sindacali che copriranno cos\u00ec [&hellip;]<\/p>\n","protected":false},"author":123457,"featured_media":133963,"comment_status":"open","ping_status":"open","sticky":false,"template":"","format":"standard","meta":{"ub_ctt_via":"","_mi_skip_tracking":false},"categories":[11],"tags":[967,5930,2591,5558,757,5876,150,3826,141],"featured_image_src":"https:\/\/www.messinaoggi.it\/website\/wp-content\/uploads\/2022\/12\/Studenti-Udu-Palermo-e1670947207401.png","author_info":{"display_name":"Michele Bruno","author_link":"https:\/\/www.messinaoggi.it\/website\/author\/michele-bruno\/"},"digistream_id":0,"digistream":false,"_links":{"self":[{"href":"https:\/\/www.messinaoggi.it\/website\/wp-json\/wp\/v2\/posts\/133962"}],"collection":[{"href":"https:\/\/www.messinaoggi.it\/website\/wp-json\/wp\/v2\/posts"}],"about":[{"href":"https:\/\/www.messinaoggi.it\/website\/wp-json\/wp\/v2\/types\/post"}],"author":[{"embeddable":true,"href":"https:\/\/www.messinaoggi.it\/website\/wp-json\/wp\/v2\/users\/123457"}],"replies":[{"embeddable":true,"href":"https:\/\/www.messinaoggi.it\/website\/wp-json\/wp\/v2\/comments?post=133962"}],"version-history":[{"count":1,"href":"https:\/\/www.messinaoggi.it\/website\/wp-json\/wp\/v2\/posts\/133962\/revisions"}],"predecessor-version":[{"id":133976,"href":"https:\/\/www.messinaoggi.it\/website\/wp-json\/wp\/v2\/posts\/133962\/revisions\/133976"}],"wp:featuredmedia":[{"embeddable":true,"href":"https:\/\/www.messinaoggi.it\/website\/wp-json\/wp\/v2\/media\/133963"}],"wp:attachment":[{"href":"https:\/\/www.messinaoggi.it\/website\/wp-json\/wp\/v2\/media?parent=133962"}],"wp:term":[{"taxonomy":"category","embeddable":true,"href":"https:\/\/www.messinaoggi.it\/website\/wp-json\/wp\/v2\/categories?post=133962"},{"taxonomy":"post_tag","embeddable":true,"href":"https:\/\/www.messinaoggi.it\/website\/wp-json\/wp\/v2\/tags?post=133962"}],"curies":[{"name":"wp","href":"https:\/\/api.w.org\/{rel}","templated":true}]}}