{"id":133922,"date":"2022-12-13T14:02:51","date_gmt":"2022-12-13T13:02:51","guid":{"rendered":"https:\/\/www.messinaoggi.it\/website\/2022\/12\/13\/bankitalia-investire-al-sud-su-infrastrutture-e-servizi-per-superare-divario-col-nord\/"},"modified":"2022-12-13T14:02:51","modified_gmt":"2022-12-13T13:02:51","slug":"bankitalia-investire-al-sud-su-infrastrutture-e-servizi-per-superare-divario-col-nord","status":"publish","type":"post","link":"https:\/\/www.messinaoggi.it\/website\/2022\/12\/13\/bankitalia-investire-al-sud-su-infrastrutture-e-servizi-per-superare-divario-col-nord\/","title":{"rendered":"Bankitalia \u201cInvestire al Sud su infrastrutture e servizi per superare divario col Nord\u201d"},"content":{"rendered":"<div>\n<p>PALERMO (ITALPRESS) \u2013 Il gap in termini di sviluppo economico tra Nord e Sud nell\u2019ultimo decennio si \u00e8 allargato, differenze che riguardano tutti i settori del sistema produttivo, con riflessi in tutti gli altri campi. Di questo si \u00e8 parlato nel corso del convegno \u201cIl divario Nord-Sud: sviluppo economico e intervento pubblico\u201d promosso da Banca d\u2019Italia e ospitato dall\u2019Universit\u00e0 degli Studi di Palermo. Presentato un rapporto, pubblicato dalla Banca centrale nazionale, che fornisce un quadro aggiornato dei divari territoriali in Italia con riferimento al sistema produttivo, al mercato del lavoro, al finanziamento delle imprese e ai fattori di contesto e che contiene alcune riflessioni sulle priorit\u00e0 di intervento pubblico a favore del Mezzogiorno. <br \/>\u201cE\u2019 un rapporto molto importante perch\u00e8 indaga diverse dimensioni del divario Nord-Sud e al quale abbiamo lavorato per due anni con oltre trenta lavori \u2013 ha spiegato Emanuele Alagna, Direttore della Sede di Palermo della Banca d\u2019Italia -. Parliamo di infrastrutture, mercato del lavoro, istruzione e altro. Al Sud vi sono delle carenze in termini di infrastrutture e servizi pubblici e nel rapporto sono presenti anche indicazioni sulle priorit\u00e0 di intervento, ovvero innalzare la qualit\u00e0 dei servizi e favorire un pi\u00f9 rapido recupero del settore produttivo privato\u201d.<br \/>Negli ultimi anni il Mezzogiorno ha visto diminuire il suo peso economico, evidenziando una crescente difficolt\u00e0 nell\u2019impiegare la forza lavoro disponibile, e si \u00e8 registrata, anche, una minore crescita della popolazione rispetto alle aree pi\u00f9 avanzate del Paese dove si sono concentrati i flussi migratori. Tra le difficolt\u00e0 delle imprese, soprattutto quelle a controllo familiare, c\u2019\u00e8 quella di non riuscire a sfruttare le nuove tecnologie digitali, oltre alla alta incidenza del lavoro irregolare ed una instabilit\u00e0 dei rapporti lavorativi. <br \/>\u201cC\u2019\u00e8 un divario che dopo le politiche di risanamento del 2012-2013 si \u00e8 profondamente ampliato \u2013 ha sottolineato Luca Bianchi, Direttore Generale Svimez -. Questo ha impattato soprattutto sui servizi dei servizi pubblici, come scuole e offerta sanitaria: di fatto in base al luogo di nascita si hanno servizi molto differenti\u201d. <br \/>Tra le soluzioni per ridurre le differenza, potrebbe esserci il PNRR: \u201cE\u2019 un\u2019occasione straordinaria per il Paese, sono tante le risorse con oltre 80 miliardi per il Mezzogiorno \u2013 ha affermato Bianchi -. Il problema \u00e8 mettere a terra gli interventi. Il nostro allarme che abbiamo lanciato anche al nuovo governo \u00e8 che c\u2019\u00e8 una grande difficolt\u00e0, soprattutto per i piccoli comuni del Mezzogiorno, ad avere un\u2019adeguata progettualit\u00e0. Su questo bisogna intervenire al pi\u00f9 presto: rafforzando la pubblica amministrazione e supportando i comuni alla loro capacit\u00e0 di attuazione dei progetti che possono essere realizzati\u201d. Una situazione che si riflette anche nel mondo dei giovani, soprattutto per quelli pi\u00f9 brillanti che \u2013 terminati gli studi \u2013 trovano occupazione nel nord Italia e ancor di pi\u00f9 all\u2019estero: \u201cSiamo attori di un processo di rinnovamento grazie al quale dobbiamo dare ai ragazzi la consapevolezza che le possibilit\u00e0 sono anche al Sud, invertendo la tendenza che ha visto l\u2019emigrazione intellettuale delle nostre menti migliori\u201d, ha dichiarato Massimo Midiri, rettore dell\u2019Universit\u00e0 degli Studi di Palermo. <br \/>foto xd6 Italpress<br \/>(ITALPRESS).<div id=\"div-gpt-ad-Messinaoggi.it-DSK-300x250-corpoart\" style=\"text-align:center;margin:0 auto;\"><\/div><\/p>\n<\/div>\n<div id=\"videoincontent\" style=\"clear:both\";><\/div>","protected":false},"excerpt":{"rendered":"<p>PALERMO (ITALPRESS) \u2013 Il gap in termini di sviluppo economico tra Nord e Sud nell\u2019ultimo decennio si \u00e8 allargato, differenze che riguardano tutti i settori del sistema produttivo, con riflessi in tutti gli altri campi. Di questo si \u00e8 parlato nel corso del convegno \u201cIl divario Nord-Sud: sviluppo economico e intervento pubblico\u201d promosso da Banca [&hellip;]<\/p>\n","protected":false},"author":18,"featured_media":133923,"comment_status":"closed","ping_status":"closed","sticky":false,"template":"","format":"standard","meta":{"ub_ctt_via":"","_mi_skip_tracking":false},"categories":[2449],"tags":[783],"featured_image_src":"https:\/\/www.messinaoggi.it\/website\/wp-content\/uploads\/2022\/12\/20221213_0769.jpg","author_info":{"display_name":"Admin","author_link":"https:\/\/www.messinaoggi.it\/website\/author\/admin\/"},"digistream_id":0,"digistream":false,"_links":{"self":[{"href":"https:\/\/www.messinaoggi.it\/website\/wp-json\/wp\/v2\/posts\/133922"}],"collection":[{"href":"https:\/\/www.messinaoggi.it\/website\/wp-json\/wp\/v2\/posts"}],"about":[{"href":"https:\/\/www.messinaoggi.it\/website\/wp-json\/wp\/v2\/types\/post"}],"author":[{"embeddable":true,"href":"https:\/\/www.messinaoggi.it\/website\/wp-json\/wp\/v2\/users\/18"}],"replies":[{"embeddable":true,"href":"https:\/\/www.messinaoggi.it\/website\/wp-json\/wp\/v2\/comments?post=133922"}],"version-history":[{"count":0,"href":"https:\/\/www.messinaoggi.it\/website\/wp-json\/wp\/v2\/posts\/133922\/revisions"}],"wp:featuredmedia":[{"embeddable":true,"href":"https:\/\/www.messinaoggi.it\/website\/wp-json\/wp\/v2\/media\/133923"}],"wp:attachment":[{"href":"https:\/\/www.messinaoggi.it\/website\/wp-json\/wp\/v2\/media?parent=133922"}],"wp:term":[{"taxonomy":"category","embeddable":true,"href":"https:\/\/www.messinaoggi.it\/website\/wp-json\/wp\/v2\/categories?post=133922"},{"taxonomy":"post_tag","embeddable":true,"href":"https:\/\/www.messinaoggi.it\/website\/wp-json\/wp\/v2\/tags?post=133922"}],"curies":[{"name":"wp","href":"https:\/\/api.w.org\/{rel}","templated":true}]}}