{"id":133870,"date":"2022-12-13T11:37:11","date_gmt":"2022-12-13T10:37:11","guid":{"rendered":"http:\/\/www.messinaoggi.it\/website\/?p=133870"},"modified":"2022-12-13T12:00:09","modified_gmt":"2022-12-13T11:00:09","slug":"il-ritorno-a-messina-della-madonna-di-alibrandi","status":"publish","type":"post","link":"https:\/\/www.messinaoggi.it\/website\/2022\/12\/13\/il-ritorno-a-messina-della-madonna-di-alibrandi\/","title":{"rendered":"Il ritorno a Messina della Madonna di Alibrandi"},"content":{"rendered":"\n<p>Ieri sera al Monte di Piet\u00e0 di Messina \u00e8 stata ospitata la presentazione alla cittadinanza del dipinto di <strong>Girolamo Alibrandi <em>\u201cMadonna col Bambino e San Giovannino\u201d.<\/em><\/strong><div id=\"div-gpt-ad-Messinaoggi.it-DSK-300x250-corpoart\" style=\"text-align:center;margin:0 auto;\"><\/div><\/p>\n\n\n\n<p>All\u2019evento, organizzato da\u00a0<strong>Zancle757 Yacht Village,\u00a0<\/strong>sono state presenti le autorit\u00e0 civili, religiose ed esponenti della deputazione nazionale e regionale.<div id=\"videoincontent\" style=\"clear:both\";><\/div><\/p>\n\n\n\n<figure class=\"wp-block-gallery columns-3 is-cropped\"><ul class=\"blocks-gallery-grid\"><li class=\"blocks-gallery-item\"><figure><img loading=\"lazy\" width=\"768\" height=\"1024\" src=\"http:\/\/www.messinaoggi.it\/website\/wp-content\/uploads\/2022\/12\/Madonna-Alibrandi-2-768x1024.jpeg\" alt=\"\" data-id=\"133904\" data-full-url=\"http:\/\/www.messinaoggi.it\/website\/wp-content\/uploads\/2022\/12\/Madonna-Alibrandi-2.jpeg\" data-link=\"http:\/\/www.messinaoggi.it\/website\/2022\/12\/13\/il-ritorno-a-messina-della-madonna-di-alibrandi\/madonna-alibrandi-2\/\" class=\"wp-image-133904\" srcset=\"https:\/\/www.messinaoggi.it\/website\/wp-content\/uploads\/2022\/12\/Madonna-Alibrandi-2-768x1024.jpeg 768w, https:\/\/www.messinaoggi.it\/website\/wp-content\/uploads\/2022\/12\/Madonna-Alibrandi-2-225x300.jpeg 225w, https:\/\/www.messinaoggi.it\/website\/wp-content\/uploads\/2022\/12\/Madonna-Alibrandi-2-1152x1536.jpeg 1152w, https:\/\/www.messinaoggi.it\/website\/wp-content\/uploads\/2022\/12\/Madonna-Alibrandi-2.jpeg 1200w\" sizes=\"(max-width: 768px) 100vw, 768px\" \/><\/figure><\/li><li class=\"blocks-gallery-item\"><figure><img loading=\"lazy\" width=\"1024\" height=\"768\" src=\"http:\/\/www.messinaoggi.it\/website\/wp-content\/uploads\/2022\/12\/Madonna-Alibrandi-3-1024x768.jpeg\" alt=\"\" data-id=\"133903\" data-full-url=\"http:\/\/www.messinaoggi.it\/website\/wp-content\/uploads\/2022\/12\/Madonna-Alibrandi-3.jpeg\" data-link=\"http:\/\/www.messinaoggi.it\/website\/2022\/12\/13\/il-ritorno-a-messina-della-madonna-di-alibrandi\/madonna-alibrandi-3\/\" class=\"wp-image-133903\" srcset=\"https:\/\/www.messinaoggi.it\/website\/wp-content\/uploads\/2022\/12\/Madonna-Alibrandi-3-1024x768.jpeg 1024w, https:\/\/www.messinaoggi.it\/website\/wp-content\/uploads\/2022\/12\/Madonna-Alibrandi-3-300x225.jpeg 300w, https:\/\/www.messinaoggi.it\/website\/wp-content\/uploads\/2022\/12\/Madonna-Alibrandi-3-768x576.jpeg 768w, https:\/\/www.messinaoggi.it\/website\/wp-content\/uploads\/2022\/12\/Madonna-Alibrandi-3-1536x1152.jpeg 1536w, https:\/\/www.messinaoggi.it\/website\/wp-content\/uploads\/2022\/12\/Madonna-Alibrandi-3.jpeg 1600w\" sizes=\"(max-width: 1024px) 100vw, 1024px\" \/><\/figure><\/li><li class=\"blocks-gallery-item\"><figure><img loading=\"lazy\" width=\"768\" height=\"1024\" src=\"http:\/\/www.messinaoggi.it\/website\/wp-content\/uploads\/2022\/12\/Madonna-Alibrandi-4-768x1024.jpeg\" alt=\"\" data-id=\"133902\" data-full-url=\"http:\/\/www.messinaoggi.it\/website\/wp-content\/uploads\/2022\/12\/Madonna-Alibrandi-4.jpeg\" data-link=\"http:\/\/www.messinaoggi.it\/website\/2022\/12\/13\/il-ritorno-a-messina-della-madonna-di-alibrandi\/madonna-alibrandi-4\/\" class=\"wp-image-133902\" srcset=\"https:\/\/www.messinaoggi.it\/website\/wp-content\/uploads\/2022\/12\/Madonna-Alibrandi-4-768x1024.jpeg 768w, https:\/\/www.messinaoggi.it\/website\/wp-content\/uploads\/2022\/12\/Madonna-Alibrandi-4-225x300.jpeg 225w, https:\/\/www.messinaoggi.it\/website\/wp-content\/uploads\/2022\/12\/Madonna-Alibrandi-4-1152x1536.jpeg 1152w, https:\/\/www.messinaoggi.it\/website\/wp-content\/uploads\/2022\/12\/Madonna-Alibrandi-4.jpeg 1200w\" sizes=\"(max-width: 768px) 100vw, 768px\" \/><\/figure><\/li><li class=\"blocks-gallery-item\"><figure><img loading=\"lazy\" width=\"1024\" height=\"975\" src=\"http:\/\/www.messinaoggi.it\/website\/wp-content\/uploads\/2022\/12\/Madonna-Alibrandi-1-1024x975.jpeg\" alt=\"\" data-id=\"133901\" data-full-url=\"http:\/\/www.messinaoggi.it\/website\/wp-content\/uploads\/2022\/12\/Madonna-Alibrandi-1.jpeg\" data-link=\"http:\/\/www.messinaoggi.it\/website\/2022\/12\/13\/il-ritorno-a-messina-della-madonna-di-alibrandi\/madonna-alibrandi-1\/\" class=\"wp-image-133901\" srcset=\"https:\/\/www.messinaoggi.it\/website\/wp-content\/uploads\/2022\/12\/Madonna-Alibrandi-1-1024x975.jpeg 1024w, https:\/\/www.messinaoggi.it\/website\/wp-content\/uploads\/2022\/12\/Madonna-Alibrandi-1-300x286.jpeg 300w, https:\/\/www.messinaoggi.it\/website\/wp-content\/uploads\/2022\/12\/Madonna-Alibrandi-1-768x731.jpeg 768w, https:\/\/www.messinaoggi.it\/website\/wp-content\/uploads\/2022\/12\/Madonna-Alibrandi-1-1536x1462.jpeg 1536w, https:\/\/www.messinaoggi.it\/website\/wp-content\/uploads\/2022\/12\/Madonna-Alibrandi-1.jpeg 1600w\" sizes=\"(max-width: 1024px) 100vw, 1024px\" \/><\/figure><\/li><li class=\"blocks-gallery-item\"><figure><img loading=\"lazy\" width=\"1024\" height=\"576\" src=\"http:\/\/www.messinaoggi.it\/website\/wp-content\/uploads\/2022\/12\/Madonna-Alibrandi-Monte-Pieta-1024x576.png\" alt=\"\" data-id=\"133897\" data-full-url=\"http:\/\/www.messinaoggi.it\/website\/wp-content\/uploads\/2022\/12\/Madonna-Alibrandi-Monte-Pieta.png\" data-link=\"http:\/\/www.messinaoggi.it\/website\/2022\/12\/13\/il-ritorno-a-messina-della-madonna-di-alibrandi\/madonna-alibrandi-monte-pieta\/\" class=\"wp-image-133897\" srcset=\"https:\/\/www.messinaoggi.it\/website\/wp-content\/uploads\/2022\/12\/Madonna-Alibrandi-Monte-Pieta-1024x576.png 1024w, https:\/\/www.messinaoggi.it\/website\/wp-content\/uploads\/2022\/12\/Madonna-Alibrandi-Monte-Pieta-300x169.png 300w, https:\/\/www.messinaoggi.it\/website\/wp-content\/uploads\/2022\/12\/Madonna-Alibrandi-Monte-Pieta-768x432.png 768w, https:\/\/www.messinaoggi.it\/website\/wp-content\/uploads\/2022\/12\/Madonna-Alibrandi-Monte-Pieta-1536x864.png 1536w, https:\/\/www.messinaoggi.it\/website\/wp-content\/uploads\/2022\/12\/Madonna-Alibrandi-Monte-Pieta.png 1920w\" sizes=\"(max-width: 1024px) 100vw, 1024px\" \/><\/figure><\/li><\/ul><\/figure>\n\n\n\n<p> In particolare il sindaco <strong>Federico Basile, <\/strong>l\u2019arcivescovo monsignor <strong>Giovanni Accolla,<\/strong> l\u2019architetto <strong>Orazio Micali, <\/strong>delegato dell\u2019assessora regionale ai Beni culturali <strong>Elvira Amata<\/strong> e direttore del Mu.Me, Museo regionale di Messina. La Regione sarebbe infatti disponibile all\u2019acquisto del quadro.<\/p>\n\n\n\n<p>Il dipinto era stato messo all&#8217;asta recentemente a Parigi e numerosi messinesi, con una petizione, avevano chiesto l&#8217;interessamento dell&#8217;Assessore regionale per far tornare il dipinto in citt\u00e0.<\/p>\n\n\n\n<figure class=\"wp-block-image size-large\"><img loading=\"lazy\" width=\"1024\" height=\"576\" src=\"http:\/\/www.messinaoggi.it\/website\/wp-content\/uploads\/2022\/12\/Rocco-Finocchiaro-1024x576.png\" alt=\"\" class=\"wp-image-133896\" srcset=\"https:\/\/www.messinaoggi.it\/website\/wp-content\/uploads\/2022\/12\/Rocco-Finocchiaro-1024x576.png 1024w, https:\/\/www.messinaoggi.it\/website\/wp-content\/uploads\/2022\/12\/Rocco-Finocchiaro-300x169.png 300w, https:\/\/www.messinaoggi.it\/website\/wp-content\/uploads\/2022\/12\/Rocco-Finocchiaro-768x432.png 768w, https:\/\/www.messinaoggi.it\/website\/wp-content\/uploads\/2022\/12\/Rocco-Finocchiaro-1536x864.png 1536w, https:\/\/www.messinaoggi.it\/website\/wp-content\/uploads\/2022\/12\/Rocco-Finocchiaro.png 1920w\" sizes=\"(max-width: 1024px) 100vw, 1024px\" \/><figcaption>Rocco Finocchiaro<\/figcaption><\/figure>\n\n\n\n<p>A riuscire in questa impresa per\u00f2, \u00e8 stato <strong>Rocco Finocchiaro,<\/strong> CEO e fondatore di Zancle757 Yacht Village, che ha acquistato il dipinto. <\/p>\n\n\n\n<p>Finocchiaro ha cos\u00ec espresso la sua soddisfazione poco prima della presentazione del dipinto:<\/p>\n\n\n\n<p>&#8220;Nella vita la cosa pi\u00f9 importante \u00e8 avere un sogno. Messina \u00e8 una citt\u00e0 delle mode. Speriamo che anche questa diventi una moda, l&#8217;idea che si pu\u00f2 sognare, che a Messina si pu\u00f2 fare, e si pu\u00f2 fare grazie alla storia. Ho creato Zancle 757 dal nome greco della citt\u00e0 che significa <em>Falce<\/em> e dall&#8217;anno della sua fondazione. Quando qualche cliente incredulo mi parlava di mafia in Sicilia spiegavo questo. Il pregiudizio spariva ed iniziavano la meraviglia e l&#8217;entusiasmo. La storia \u00e8 importantissima, fondamentale. I giovani che la conosceranno vorranno restare qui&#8221;. <\/p>\n\n\n\n<p>Sar\u00e0 possibile ammirare il capolavoro cinquecentesco al Monte di Piet\u00e0 fino al 15 dicembre, con ingresso gratuito.<\/p>\n\n\n\n<p><strong>Michele Bruno.<\/strong><\/p>\n","protected":false},"excerpt":{"rendered":"<p>Ieri sera al Monte di Piet\u00e0 di Messina \u00e8 stata ospitata la presentazione alla cittadinanza del dipinto di Girolamo Alibrandi \u201cMadonna col Bambino e San Giovannino\u201d. All\u2019evento, organizzato da\u00a0Zancle757 Yacht Village,\u00a0sono state presenti le autorit\u00e0 civili, religiose ed esponenti della deputazione nazionale e regionale. In particolare il sindaco Federico Basile, l\u2019arcivescovo monsignor Giovanni Accolla, l\u2019architetto [&hellip;]<\/p>\n","protected":false},"author":123457,"featured_media":133897,"comment_status":"open","ping_status":"open","sticky":false,"template":"","format":"standard","meta":{"ub_ctt_via":"","_mi_skip_tracking":false},"categories":[16,6],"tags":[5920,655,5518,5864,5923],"featured_image_src":"https:\/\/www.messinaoggi.it\/website\/wp-content\/uploads\/2022\/12\/Madonna-Alibrandi-Monte-Pieta.png","author_info":{"display_name":"Michele Bruno","author_link":"https:\/\/www.messinaoggi.it\/website\/author\/michele-bruno\/"},"digistream_id":0,"digistream":false,"_links":{"self":[{"href":"https:\/\/www.messinaoggi.it\/website\/wp-json\/wp\/v2\/posts\/133870"}],"collection":[{"href":"https:\/\/www.messinaoggi.it\/website\/wp-json\/wp\/v2\/posts"}],"about":[{"href":"https:\/\/www.messinaoggi.it\/website\/wp-json\/wp\/v2\/types\/post"}],"author":[{"embeddable":true,"href":"https:\/\/www.messinaoggi.it\/website\/wp-json\/wp\/v2\/users\/123457"}],"replies":[{"embeddable":true,"href":"https:\/\/www.messinaoggi.it\/website\/wp-json\/wp\/v2\/comments?post=133870"}],"version-history":[{"count":3,"href":"https:\/\/www.messinaoggi.it\/website\/wp-json\/wp\/v2\/posts\/133870\/revisions"}],"predecessor-version":[{"id":133905,"href":"https:\/\/www.messinaoggi.it\/website\/wp-json\/wp\/v2\/posts\/133870\/revisions\/133905"}],"wp:featuredmedia":[{"embeddable":true,"href":"https:\/\/www.messinaoggi.it\/website\/wp-json\/wp\/v2\/media\/133897"}],"wp:attachment":[{"href":"https:\/\/www.messinaoggi.it\/website\/wp-json\/wp\/v2\/media?parent=133870"}],"wp:term":[{"taxonomy":"category","embeddable":true,"href":"https:\/\/www.messinaoggi.it\/website\/wp-json\/wp\/v2\/categories?post=133870"},{"taxonomy":"post_tag","embeddable":true,"href":"https:\/\/www.messinaoggi.it\/website\/wp-json\/wp\/v2\/tags?post=133870"}],"curies":[{"name":"wp","href":"https:\/\/api.w.org\/{rel}","templated":true}]}}