{"id":133733,"date":"2022-12-12T12:32:50","date_gmt":"2022-12-12T11:32:50","guid":{"rendered":"https:\/\/www.messinaoggi.it\/website\/2022\/12\/12\/a-palermo-il-convegno-internazionale-le-culture-della-cura\/"},"modified":"2022-12-12T14:58:49","modified_gmt":"2022-12-12T13:58:49","slug":"a-palermo-il-convegno-internazionale-le-culture-della-cura","status":"publish","type":"post","link":"https:\/\/www.messinaoggi.it\/website\/2022\/12\/12\/a-palermo-il-convegno-internazionale-le-culture-della-cura\/","title":{"rendered":"A Palermo il convegno internazionale \u201cLe culture della cura\u201d"},"content":{"rendered":"<div>\n<p>PALERMO (ITALPRESS) \u2013 La massima esponente internazionale della medicina narrativa, Rita Charon, direttrice del Programma di medicina narrativa alla Columbia University di New York, a Palermo in occasione del convegno internazionale \u2018Le culture della cur\u00e0, in corso al Grand Hotel Piazza Borsa. L\u2019incontro \u2013 organizzato dal dipartimento Culture e societ\u00e0 dell\u2019Universit\u00e0 degli Studi di Palermo \u2013 durer\u00e0 quattro giorni, da oggi fino al 15 dicembre, e vedr\u00e0 gli interventi di diversi esperti nel campo medico, ma anche di altri settori, provenienti dall\u2019ateneo palermitano e da altre universit\u00e0, che si soffermeranno su temi che si legano in maniera interconnessa alla cura e alla salute pubblica. \u201cL\u2019aspetto pi\u00f9 importante \u00e8 la multisciplinarit\u00e0, mette insieme professionisti di varia caratura e origine, come medici, psicologi, letterati \u2013 ha detto il Rettore dell\u2019Universit\u00e0 degli Studi di Palermo, Massimo Midiri -. Il tutto per riscoprire il filo logico conduttore della medicina narrativa, che diventa un perno del nuovo approccio antropologico che oggi avere in medicina e che \u2013 soprattutto \u2013 permette di mettere al centro il paziente, con i suoi problemi. Non pi\u00f9 analizzare patologie, ma pazienti, uomini con patologia\u201d.  <br \/>\u201cQuesto \u00e8 il nuovo approccio che nella medicina moderna sta prendendo sempre pi\u00f9 campo. Oggi la presenza di Rita Charon porta a considerare anche un nuovo modo modo di fare corsi di laurea. Nel corso di medicina, ad esempio, prevediamo di inserire alcune ore lezione dedicate al rapporto medico-paziente e sul rapporto ematico che deve svilupparsi, perch\u00e8 il paziente \u00e8 portatore non soltanto di un malessere fisico, ma attorno ha una sofferenza di tipo psichico che il medico e tutto il vasto gruppo di persone che hanno a che fare con i pazienti, come infermieri, ossia e tecnici, devono conoscere\u201d. <br \/>Rita Charon, medico internista e studiosa di letteratura, ha esposto una sua relazione titolo \u2018Embodied Care: The Aesthetic and Cognitive Dimensions of the Clinical Worlds\u2019. L\u2019esperta si occupa di medicina narrativa da quasi trent\u2019anni e i suoi contributi sono apparsi, tra gli altri, su \u2018Annals of Internal Medicine, Journal of the American Medical Association, The Lancet\u2019 e \u2018The New England Journal of Medicin\u00e8. Nel 2019 ha inoltre pubblicato con Raffaello Cortina Editore il saggio: \u2018Medicina narrativa. Onorare le storie dei pazient\u00ec. <br \/>\u201cE\u2019 una originale e interessante intuizione del dipartimento Culture e societ\u00e0 \u2013 ha aggiunto il sindaco di Palermo, Roberto Lagalla -. La ricerca \u00e8 una condizione che deve coinvolgere e interessare, non solo pi\u00f9 realt\u00e0 accademiche e scientifiche, ma anche pi\u00f9 discipline. Un approccio transdisciplinare che \u00e8 segno della modernit\u00e0\u201d.<div id=\"div-gpt-ad-Messinaoggi.it-DSK-300x250-corpoart\" style=\"text-align:center;margin:0 auto;\"><\/div><\/p>\n<p>\u2013 foto: xd6\/Italpress <div id=\"videoincontent\" style=\"clear:both\";><\/div><\/p>\n<p>(ITALPRESS).<\/p>\n<\/div>\n","protected":false},"excerpt":{"rendered":"<p>PALERMO (ITALPRESS) \u2013 La massima esponente internazionale della medicina narrativa, Rita Charon, direttrice del Programma di medicina narrativa alla Columbia University di New York, a Palermo in occasione del convegno internazionale \u2018Le culture della cur\u00e0, in corso al Grand Hotel Piazza Borsa. L\u2019incontro \u2013 organizzato dal dipartimento Culture e societ\u00e0 dell\u2019Universit\u00e0 degli Studi di Palermo [&hellip;]<\/p>\n","protected":false},"author":18,"featured_media":133734,"comment_status":"closed","ping_status":"closed","sticky":false,"template":"","format":"standard","meta":{"ub_ctt_via":"","_mi_skip_tracking":false},"categories":[11,2449],"tags":[783],"featured_image_src":"https:\/\/www.messinaoggi.it\/website\/wp-content\/uploads\/2022\/12\/20221212_0452.jpg","author_info":{"display_name":"Admin","author_link":"https:\/\/www.messinaoggi.it\/website\/author\/admin\/"},"digistream_id":0,"digistream":false,"_links":{"self":[{"href":"https:\/\/www.messinaoggi.it\/website\/wp-json\/wp\/v2\/posts\/133733"}],"collection":[{"href":"https:\/\/www.messinaoggi.it\/website\/wp-json\/wp\/v2\/posts"}],"about":[{"href":"https:\/\/www.messinaoggi.it\/website\/wp-json\/wp\/v2\/types\/post"}],"author":[{"embeddable":true,"href":"https:\/\/www.messinaoggi.it\/website\/wp-json\/wp\/v2\/users\/18"}],"replies":[{"embeddable":true,"href":"https:\/\/www.messinaoggi.it\/website\/wp-json\/wp\/v2\/comments?post=133733"}],"version-history":[{"count":1,"href":"https:\/\/www.messinaoggi.it\/website\/wp-json\/wp\/v2\/posts\/133733\/revisions"}],"predecessor-version":[{"id":133779,"href":"https:\/\/www.messinaoggi.it\/website\/wp-json\/wp\/v2\/posts\/133733\/revisions\/133779"}],"wp:featuredmedia":[{"embeddable":true,"href":"https:\/\/www.messinaoggi.it\/website\/wp-json\/wp\/v2\/media\/133734"}],"wp:attachment":[{"href":"https:\/\/www.messinaoggi.it\/website\/wp-json\/wp\/v2\/media?parent=133733"}],"wp:term":[{"taxonomy":"category","embeddable":true,"href":"https:\/\/www.messinaoggi.it\/website\/wp-json\/wp\/v2\/categories?post=133733"},{"taxonomy":"post_tag","embeddable":true,"href":"https:\/\/www.messinaoggi.it\/website\/wp-json\/wp\/v2\/tags?post=133733"}],"curies":[{"name":"wp","href":"https:\/\/api.w.org\/{rel}","templated":true}]}}