{"id":133622,"date":"2022-12-11T10:58:39","date_gmt":"2022-12-11T09:58:39","guid":{"rendered":"http:\/\/www.messinaoggi.it\/website\/?p=133622"},"modified":"2022-12-11T10:58:54","modified_gmt":"2022-12-11T09:58:54","slug":"oltre-200-migranti-a-messina-e-reggio-calabria","status":"publish","type":"post","link":"https:\/\/www.messinaoggi.it\/website\/2022\/12\/11\/oltre-200-migranti-a-messina-e-reggio-calabria\/","title":{"rendered":"Oltre 200 migranti a Messina e Reggio Calabria"},"content":{"rendered":"\n<p>Oltre duecento migranti sono approdati al porto di Reggio Calabria e stanno per sbarcare dal peschereccio intercettato ieri sera dalla guardia costiera al largo di Brancaleone. Sul motopeschereccio, scortato da due unit\u00e0 navali della capitaneria di porto e una della guardia di finanza, i migranti sono circa 400.<div id=\"div-gpt-ad-Messinaoggi.it-DSK-300x250-corpoart\" style=\"text-align:center;margin:0 auto;\"><\/div><\/p>\n\n\n\n<p>La met\u00e0 di loro sbarcher\u00e0 in Calabria mentre l\u2019altra met\u00e0 verr\u00e0 accompagnata a Messina a bordo dello stesso rimorchiatore che a trainato l\u2019imbarcazione da Brancaleone. Sono iniziate da poco le operazioni di sbarco nel molo di ponente della citt\u00e0 dello Stretto dove i migranti riceveranno le prime cure dai volontari della Croce Rossa, della protezione civile e di Medici del mondo. I numeri e la nazionalit\u00e0 dei migranti non sono ancora confermati fino al termine dello sbarco. Al porto ci sono i carabinieri e la polizia ed \u00e8 gi\u00e0 arrivato uno dei pullman che, dopo l\u2019identificazione e i controlli medici, condurr\u00e0 i migranti al centro di prima accoglienza in attesa di essere trasferiti in base al riparto stabilito dal ministero dell\u2019Interno.<div id=\"videoincontent\" style=\"clear:both\";><\/div><\/p>\n","protected":false},"excerpt":{"rendered":"<p>Oltre duecento migranti sono approdati al porto di Reggio Calabria e stanno per sbarcare dal peschereccio intercettato ieri sera dalla guardia costiera al largo di Brancaleone. Sul motopeschereccio, scortato da due unit\u00e0 navali della capitaneria di porto e una della guardia di finanza, i migranti sono circa 400. La met\u00e0 di loro sbarcher\u00e0 in Calabria [&hellip;]<\/p>\n","protected":false},"author":4,"featured_media":9534,"comment_status":"open","ping_status":"open","sticky":false,"template":"","format":"standard","meta":{"ub_ctt_via":"","_mi_skip_tracking":false},"categories":[19],"tags":[1594,90],"featured_image_src":"https:\/\/www.messinaoggi.it\/website\/wp-content\/uploads\/2017\/10\/polizia-sbarco-migranti.jpg","author_info":{"display_name":"redme","author_link":"https:\/\/www.messinaoggi.it\/website\/author\/redme\/"},"digistream_id":0,"digistream":false,"_links":{"self":[{"href":"https:\/\/www.messinaoggi.it\/website\/wp-json\/wp\/v2\/posts\/133622"}],"collection":[{"href":"https:\/\/www.messinaoggi.it\/website\/wp-json\/wp\/v2\/posts"}],"about":[{"href":"https:\/\/www.messinaoggi.it\/website\/wp-json\/wp\/v2\/types\/post"}],"author":[{"embeddable":true,"href":"https:\/\/www.messinaoggi.it\/website\/wp-json\/wp\/v2\/users\/4"}],"replies":[{"embeddable":true,"href":"https:\/\/www.messinaoggi.it\/website\/wp-json\/wp\/v2\/comments?post=133622"}],"version-history":[{"count":1,"href":"https:\/\/www.messinaoggi.it\/website\/wp-json\/wp\/v2\/posts\/133622\/revisions"}],"predecessor-version":[{"id":133623,"href":"https:\/\/www.messinaoggi.it\/website\/wp-json\/wp\/v2\/posts\/133622\/revisions\/133623"}],"wp:featuredmedia":[{"embeddable":true,"href":"https:\/\/www.messinaoggi.it\/website\/wp-json\/wp\/v2\/media\/9534"}],"wp:attachment":[{"href":"https:\/\/www.messinaoggi.it\/website\/wp-json\/wp\/v2\/media?parent=133622"}],"wp:term":[{"taxonomy":"category","embeddable":true,"href":"https:\/\/www.messinaoggi.it\/website\/wp-json\/wp\/v2\/categories?post=133622"},{"taxonomy":"post_tag","embeddable":true,"href":"https:\/\/www.messinaoggi.it\/website\/wp-json\/wp\/v2\/tags?post=133622"}],"curies":[{"name":"wp","href":"https:\/\/api.w.org\/{rel}","templated":true}]}}