{"id":133547,"date":"2022-12-10T10:42:57","date_gmt":"2022-12-10T09:42:57","guid":{"rendered":"http:\/\/www.messinaoggi.it\/website\/?p=133547"},"modified":"2022-12-10T10:42:58","modified_gmt":"2022-12-10T09:42:58","slug":"il-nursind-messina-tra-i-vertici-a-roma-latella-confermato-nel-collegio-nazionale-dei-probiviri","status":"publish","type":"post","link":"https:\/\/www.messinaoggi.it\/website\/2022\/12\/10\/il-nursind-messina-tra-i-vertici-a-roma-latella-confermato-nel-collegio-nazionale-dei-probiviri\/","title":{"rendered":"Il Nursind Messina tra i vertici a Roma: Latella confermato nel collegio nazionale dei probiviri"},"content":{"rendered":"\n<p>Tre siciliani ai vertici nazionali del Nursind, sindacato autonomo della sanit\u00e0. Si tratta di Salvo Vaccaro della segreteria di Catania, riconfermato vicesegretario nazionale, di Ignazio Curto della segreteria di Caltanissetta, riconfermato nel Collegio nazionale dei revisori dei conti, e di Massimo Latella della segreteria di Messina, riconfermato nel Consiglio dei probiviri.<div id=\"div-gpt-ad-Messinaoggi.it-DSK-300x250-corpoart\" style=\"text-align:center;margin:0 auto;\"><\/div><\/p>\n\n\n\n<p>L\u2019investitura \u00e8 arrivata dagli oltre 350 delegati riuniti nella capitale nel corso dell\u2019ottavo congresso nazionale che si \u00e8 tenuto a Roma dal 5 al 7 dicembre, durante il quale \u00e8 stato riconfermato anche il segretario nazionale uscente Andrea Bottega.\u00a0<div id=\"videoincontent\" style=\"clear:both\";><\/div><\/p>\n\n\n\n<p>&#8220;Essere stato riconfermato \u00e8 una gratificazione per il lavoro svolto negli anni insieme agli altri colleghi &#8211; dice Latella &#8211; Nel precedente mandato abbiamo rinnovato il regolamento apportando delle modifiche per renderlo pi\u00f9 attuale. Il collegio dei probiviri eletto si potr\u00e0 avvalere anche della presenza dei supplenti. Saranno chiamati a prendere provvedimenti quando si \u00e8 impossibilitati a svolgere l&#8217;attivit\u00e0 al meglio vista la rapidit\u00e0 con la quale si viene chiamati ad intervenire&#8221;.<\/p>\n\n\n\n<p>Per Salvo Calamia, segretario regionale del Nursind Sicilia, &#8220;questo congresso si \u00e8 celebrato in un momento molto importante per il sindacato e cio\u00e8 dopo la firma del contratto di comparto. Un rinnovo contrattuale che apre sicuramente nuove prospettive per la carriera degli infermieri, ma che inevitabilmente, essendo scaduto, ci proietta subito sul prossimo. Per far s\u00ec che la valorizzazione della professione non resti sulla carta, infatti, servono risorse economiche&#8221;.<\/p>\n","protected":false},"excerpt":{"rendered":"<p>Tre siciliani ai vertici nazionali del Nursind, sindacato autonomo della sanit\u00e0. Si tratta di Salvo Vaccaro della segreteria di Catania, riconfermato vicesegretario nazionale, di Ignazio Curto della segreteria di Caltanissetta, riconfermato nel Collegio nazionale dei revisori dei conti, e di Massimo Latella della segreteria di Messina, riconfermato nel Consiglio dei probiviri. L\u2019investitura \u00e8 arrivata dagli [&hellip;]<\/p>\n","protected":false},"author":8,"featured_media":133548,"comment_status":"open","ping_status":"open","sticky":false,"template":"","format":"standard","meta":{"ub_ctt_via":"","_mi_skip_tracking":false},"categories":[5],"tags":[5879,3648],"featured_image_src":"https:\/\/www.messinaoggi.it\/website\/wp-content\/uploads\/2022\/12\/Nursind-Messina-a-Roma.jpeg","author_info":{"display_name":"red..me","author_link":"https:\/\/www.messinaoggi.it\/website\/author\/redstage\/"},"digistream_id":0,"digistream":false,"_links":{"self":[{"href":"https:\/\/www.messinaoggi.it\/website\/wp-json\/wp\/v2\/posts\/133547"}],"collection":[{"href":"https:\/\/www.messinaoggi.it\/website\/wp-json\/wp\/v2\/posts"}],"about":[{"href":"https:\/\/www.messinaoggi.it\/website\/wp-json\/wp\/v2\/types\/post"}],"author":[{"embeddable":true,"href":"https:\/\/www.messinaoggi.it\/website\/wp-json\/wp\/v2\/users\/8"}],"replies":[{"embeddable":true,"href":"https:\/\/www.messinaoggi.it\/website\/wp-json\/wp\/v2\/comments?post=133547"}],"version-history":[{"count":1,"href":"https:\/\/www.messinaoggi.it\/website\/wp-json\/wp\/v2\/posts\/133547\/revisions"}],"predecessor-version":[{"id":133549,"href":"https:\/\/www.messinaoggi.it\/website\/wp-json\/wp\/v2\/posts\/133547\/revisions\/133549"}],"wp:featuredmedia":[{"embeddable":true,"href":"https:\/\/www.messinaoggi.it\/website\/wp-json\/wp\/v2\/media\/133548"}],"wp:attachment":[{"href":"https:\/\/www.messinaoggi.it\/website\/wp-json\/wp\/v2\/media?parent=133547"}],"wp:term":[{"taxonomy":"category","embeddable":true,"href":"https:\/\/www.messinaoggi.it\/website\/wp-json\/wp\/v2\/categories?post=133547"},{"taxonomy":"post_tag","embeddable":true,"href":"https:\/\/www.messinaoggi.it\/website\/wp-json\/wp\/v2\/tags?post=133547"}],"curies":[{"name":"wp","href":"https:\/\/api.w.org\/{rel}","templated":true}]}}