{"id":133527,"date":"2022-12-10T07:01:34","date_gmt":"2022-12-10T06:01:34","guid":{"rendered":"http:\/\/www.messinaoggi.it\/website\/?p=133527"},"modified":"2022-12-10T19:32:06","modified_gmt":"2022-12-10T18:32:06","slug":"ritoccato-lalbero-e-si-spengono-le-polemiche","status":"publish","type":"post","link":"https:\/\/www.messinaoggi.it\/website\/2022\/12\/10\/ritoccato-lalbero-e-si-spengono-le-polemiche\/","title":{"rendered":"Ritoccato l&#8217;albero e si spengono le polemiche"},"content":{"rendered":"\n<p>In effetti l&#8217;allestimento dell&#8217;albero di Natale a piazza Cairoli non deve essere piaciuto nemmeno all&#8217;amministrazione comunale. Lo dimostra il fatto che la ditta incaricata, ieri mattina ha provveduto a ricollocare le luminarie, installate probabilmente in fretta e furia per l&#8217;appuntamento del giorno dell&#8217;Immacolata.<div id=\"div-gpt-ad-Messinaoggi.it-DSK-300x250-corpoart\" style=\"text-align:center;margin:0 auto;\"><\/div><\/p>\n\n\n\n<p>Il web, come accade in questi casi, si \u00e8 letteralmente scatenato con &#8220;meme&#8221; che hanno dato ampia visibilit\u00e0 all&#8217;istallazione natalizia. S&#8217;\u00e8 scritto praticamente di tutto, perch\u00e9 oggettivamente non era un gran bel vedere, ma come insegnano alcune le strategie comunicative &#8220;purch\u00e9 se ne parli&#8221;. In realt\u00e0, se l&#8217;albero fosse stato bellissimo non avrebbe avuto cos\u00ec tanta attenzione, un po&#8217; come accaduto con il &#8220;celebre&#8221; spelacchio di Roma, il primo albero della sindaca Virginia Raggi.<div id=\"videoincontent\" style=\"clear:both\";><\/div><\/p>\n\n\n\n<p>L&#8217;albero di piazza Cairoli, gi\u00e0 da ieri sera, offriva una nuova immagine di s\u00e9, pi\u00f9 godibile e meno criticabile.<\/p>\n\n\n\n<p>L&#8217;albero \u00e8 solo una tessera di un puzzle natalizio che vede la principale piazza cittadina assoluta protagonista: il mercatino di Natale, le attrattive per i pi\u00f9 piccoli e i giochi di luce contribuiscono a creare un&#8217;atmosfera natalizia che \u00e8 piaciuta soprattutto ai messinesi che si sono nuovamente impadroniti del proprio centro.<\/p>\n","protected":false},"excerpt":{"rendered":"<p>In effetti l&#8217;allestimento dell&#8217;albero di Natale a piazza Cairoli non deve essere piaciuto nemmeno all&#8217;amministrazione comunale. Lo dimostra il fatto che la ditta incaricata, ieri mattina ha provveduto a ricollocare le luminarie, installate probabilmente in fretta e furia per l&#8217;appuntamento del giorno dell&#8217;Immacolata. Il web, come accade in questi casi, si \u00e8 letteralmente scatenato con [&hellip;]<\/p>\n","protected":false},"author":2,"featured_media":133528,"comment_status":"open","ping_status":"open","sticky":false,"template":"","format":"standard","meta":{"ub_ctt_via":"","_mi_skip_tracking":false},"categories":[19,6],"tags":[5869,602,129,5870],"featured_image_src":"https:\/\/www.messinaoggi.it\/website\/wp-content\/uploads\/2022\/12\/319233616_10225491874835511_1080918464273695164_n-e1670659287958.jpg","author_info":{"display_name":"Redazione","author_link":"https:\/\/www.messinaoggi.it\/website\/author\/redazione\/"},"digistream_id":0,"digistream":false,"_links":{"self":[{"href":"https:\/\/www.messinaoggi.it\/website\/wp-json\/wp\/v2\/posts\/133527"}],"collection":[{"href":"https:\/\/www.messinaoggi.it\/website\/wp-json\/wp\/v2\/posts"}],"about":[{"href":"https:\/\/www.messinaoggi.it\/website\/wp-json\/wp\/v2\/types\/post"}],"author":[{"embeddable":true,"href":"https:\/\/www.messinaoggi.it\/website\/wp-json\/wp\/v2\/users\/2"}],"replies":[{"embeddable":true,"href":"https:\/\/www.messinaoggi.it\/website\/wp-json\/wp\/v2\/comments?post=133527"}],"version-history":[{"count":1,"href":"https:\/\/www.messinaoggi.it\/website\/wp-json\/wp\/v2\/posts\/133527\/revisions"}],"predecessor-version":[{"id":133529,"href":"https:\/\/www.messinaoggi.it\/website\/wp-json\/wp\/v2\/posts\/133527\/revisions\/133529"}],"wp:featuredmedia":[{"embeddable":true,"href":"https:\/\/www.messinaoggi.it\/website\/wp-json\/wp\/v2\/media\/133528"}],"wp:attachment":[{"href":"https:\/\/www.messinaoggi.it\/website\/wp-json\/wp\/v2\/media?parent=133527"}],"wp:term":[{"taxonomy":"category","embeddable":true,"href":"https:\/\/www.messinaoggi.it\/website\/wp-json\/wp\/v2\/categories?post=133527"},{"taxonomy":"post_tag","embeddable":true,"href":"https:\/\/www.messinaoggi.it\/website\/wp-json\/wp\/v2\/tags?post=133527"}],"curies":[{"name":"wp","href":"https:\/\/api.w.org\/{rel}","templated":true}]}}