{"id":133484,"date":"2022-12-09T20:02:51","date_gmt":"2022-12-09T19:02:51","guid":{"rendered":"https:\/\/www.messinaoggi.it\/website\/2022\/12\/09\/caro-voli-schifani-da-ita-pannicelli-caldi-non-risolvono-problema\/"},"modified":"2022-12-09T20:02:51","modified_gmt":"2022-12-09T19:02:51","slug":"caro-voli-schifani-da-ita-pannicelli-caldi-non-risolvono-problema","status":"publish","type":"post","link":"https:\/\/www.messinaoggi.it\/website\/2022\/12\/09\/caro-voli-schifani-da-ita-pannicelli-caldi-non-risolvono-problema\/","title":{"rendered":"Caro-voli, Schifani \u201cDa Ita pannicelli caldi, non risolvono problema\u201d"},"content":{"rendered":"<div>\n<p>PALERMO (ITALPRESS) \u2013 \u201cL\u2019incremento dei voli Ita limitato al solo periodo natalizio \u00e8 soltanto un pannicello caldo che non risolve affatto quanto da noi denunziato, e cio\u00e8 il caro-tariffe derivante dal \u201ccartello\u201d delle uniche due compagnie che operano su quelle tratte. Ci spieghi Ita se \u00e8 legittimo che un siciliano, nel corso della giornata del prossimo luned\u00ec, dovrebbe pagare ben mille euro per andare e tornare da Roma. Questi fatti si commentano da s\u00e8 e verranno da noi denunziati in ogni sede istituzionale competente, perch\u00e8 offendono il popolo siciliano e ne pregiudicano il diritto alla libert\u00e0 di movimento garantita dalla Costituzione\u201d. Lo afferma il presidente della Regione Siciliana, Renato Schifani, in relazione alle dichiarazioni della compagnia Ita.(ITALPRESS).<div id=\"div-gpt-ad-Messinaoggi.it-DSK-300x250-corpoart\" style=\"text-align:center;margin:0 auto;\"><\/div><\/p>\n<p>Photo credits: www.agenziafotogramma.it<div id=\"videoincontent\" style=\"clear:both\";><\/div><\/p>\n<\/div>\n","protected":false},"excerpt":{"rendered":"<p>PALERMO (ITALPRESS) \u2013 \u201cL\u2019incremento dei voli Ita limitato al solo periodo natalizio \u00e8 soltanto un pannicello caldo che non risolve affatto quanto da noi denunziato, e cio\u00e8 il caro-tariffe derivante dal \u201ccartello\u201d delle uniche due compagnie che operano su quelle tratte. Ci spieghi Ita se \u00e8 legittimo che un siciliano, nel corso della giornata del [&hellip;]<\/p>\n","protected":false},"author":18,"featured_media":133485,"comment_status":"closed","ping_status":"closed","sticky":false,"template":"","format":"standard","meta":{"ub_ctt_via":"","_mi_skip_tracking":false},"categories":[2449],"tags":[783],"featured_image_src":"https:\/\/www.messinaoggi.it\/website\/wp-content\/uploads\/2022\/12\/20221209_1861.jpg","author_info":{"display_name":"Admin","author_link":"https:\/\/www.messinaoggi.it\/website\/author\/admin\/"},"digistream_id":0,"digistream":false,"_links":{"self":[{"href":"https:\/\/www.messinaoggi.it\/website\/wp-json\/wp\/v2\/posts\/133484"}],"collection":[{"href":"https:\/\/www.messinaoggi.it\/website\/wp-json\/wp\/v2\/posts"}],"about":[{"href":"https:\/\/www.messinaoggi.it\/website\/wp-json\/wp\/v2\/types\/post"}],"author":[{"embeddable":true,"href":"https:\/\/www.messinaoggi.it\/website\/wp-json\/wp\/v2\/users\/18"}],"replies":[{"embeddable":true,"href":"https:\/\/www.messinaoggi.it\/website\/wp-json\/wp\/v2\/comments?post=133484"}],"version-history":[{"count":0,"href":"https:\/\/www.messinaoggi.it\/website\/wp-json\/wp\/v2\/posts\/133484\/revisions"}],"wp:featuredmedia":[{"embeddable":true,"href":"https:\/\/www.messinaoggi.it\/website\/wp-json\/wp\/v2\/media\/133485"}],"wp:attachment":[{"href":"https:\/\/www.messinaoggi.it\/website\/wp-json\/wp\/v2\/media?parent=133484"}],"wp:term":[{"taxonomy":"category","embeddable":true,"href":"https:\/\/www.messinaoggi.it\/website\/wp-json\/wp\/v2\/categories?post=133484"},{"taxonomy":"post_tag","embeddable":true,"href":"https:\/\/www.messinaoggi.it\/website\/wp-json\/wp\/v2\/tags?post=133484"}],"curies":[{"name":"wp","href":"https:\/\/api.w.org\/{rel}","templated":true}]}}