{"id":133482,"date":"2022-12-09T19:32:51","date_gmt":"2022-12-09T18:32:51","guid":{"rendered":"https:\/\/www.messinaoggi.it\/website\/2022\/12\/09\/ita-aumentano-i-voli-per-sardegna-e-sicilia-a-dicembre\/"},"modified":"2022-12-09T19:32:51","modified_gmt":"2022-12-09T18:32:51","slug":"ita-aumentano-i-voli-per-sardegna-e-sicilia-a-dicembre","status":"publish","type":"post","link":"https:\/\/www.messinaoggi.it\/website\/2022\/12\/09\/ita-aumentano-i-voli-per-sardegna-e-sicilia-a-dicembre\/","title":{"rendered":"Ita, aumentano i voli per Sardegna e Sicilia a dicembre"},"content":{"rendered":"<div>\n<p>ROMA (ITALPRESS) \u2013 In considerazione dell\u2019elevata domanda registrata durante il periodo delle festivit\u00e0 natalizie 2022, ITA Airways conferma il suo impegno per garantire la connettivit\u00e0 verso Sardegna e Sicilia \u201ce, in attesa dello sviluppo della flotta che si consolider\u00e0 nel 2023, ha definito un aumento delle frequenze verso le due isole, l\u2019incremento della capacit\u00e0 con l\u2019utilizzo di aeromobili pi\u00f9 capienti come l\u2019Airbus A330 e l\u2019applicazione di tariffe vantaggiose\u201d, spiega la compagnia in una nota.<br \/>Per la Sicilia nella settimana dal 19 al 25 dicembre 2022 ITA Airways garantisce un totale di 162 frequenze, una media di 23 voli giornalieri di andata e ritorno. La compagnia ha previsto nel periodo 20-24 dicembre un totale di 10 frequenze aggiuntive (20 voli totali).<br \/>\u201cGrazie all\u2019incremento della capacit\u00e0 cos\u00ec definito, la compagnia sar\u00e0 in grado di gestire in maniera pi\u00f9 efficace i picchi tariffari \u2013 prosegue la nota -. Si ricorda che a partire da novembre 2021 ITA Airways aderisce al progetto Sicilia Vola che riconosce agli aventi diritto, tra cui lavoratori e studenti siciliani fuori sede, una riduzione del 30% sul prezzo del biglietto aereo su tutte le rotte nazionali ed europee del suo network, da e per gli aeroporti di Catania o Palermo, sui voli diretti verso Roma Fiumicino e Milano Linate e su quelli in connessione con i due hub\u201d.<br \/>Altra iniziativa a cui ITA Airways aderisce \u00e8 la Carta Giovani Nazionale, che prevede uno sconto del 20% su tutte le tariffe pubbliche per tutti i giovani fino a 35 anni di et\u00e0, attraverso l\u2019app IO.<br \/>Gli sconti garantiti da entrambi gli strumenti si applicheranno anche ai livelli tariffari relativi ai voli aggiuntivi.<br \/>Con riferimento alla continuit\u00e0 territoriale da e per la Sardegna ITA Airways, in contatto costante con l\u2019Assessorato ai Trasporti della Regione Sardegna per monitorare le relative criticit\u00e0, ha definito la messa in vendita per il periodo 20-24 dicembre di ulteriori 14 frequenze, che si aggiungono alle 6 gi\u00e0 inserite nei sistemi nei giorni scorsi, per un totale di 20 frequenze aggiuntive rispetto a quelle richieste dal decreto ministeriale, di cui 18 su Milano Linate e 2 su Roma Fiumicino.<br \/>\u201cAnche per i voli sulla Sardegna la maggiore capacit\u00e0 disponibile garantir\u00e0 livelli tariffari pi\u00f9 efficienti per i passeggeri non residenti e non aventi diritto alle tariffe onerate previste dalla normativa\u201d, sottolinea ITA Airways.<br \/>La compagnia di bandiera ribadisce ancora una volta \u201cl\u2019attenzione alla mobilit\u00e0 di tutti gli italiani e proseguir\u00e0 nel suo impegno di offrire le migliori tariffe possibili per i cittadini sardi e siciliani, assicurando la piena disponibilit\u00e0 ad un dialogo con tutte le parti coinvolte, per costruire insieme soluzioni che salvaguardino la connettivit\u00e0 delle due isole e, al contempo, la sostenibilit\u00e0 economica delle proprie operazioni\u201d.<div id=\"div-gpt-ad-Messinaoggi.it-DSK-300x250-corpoart\" style=\"text-align:center;margin:0 auto;\"><\/div><\/p>\n<p>\u2013 foto Agenziafotogramma.it \u2013<div id=\"videoincontent\" style=\"clear:both\";><\/div><\/p>\n<p>(ITALPRESS).<\/p>\n<\/div>\n","protected":false},"excerpt":{"rendered":"<p>ROMA (ITALPRESS) \u2013 In considerazione dell\u2019elevata domanda registrata durante il periodo delle festivit\u00e0 natalizie 2022, ITA Airways conferma il suo impegno per garantire la connettivit\u00e0 verso Sardegna e Sicilia \u201ce, in attesa dello sviluppo della flotta che si consolider\u00e0 nel 2023, ha definito un aumento delle frequenze verso le due isole, l\u2019incremento della capacit\u00e0 con [&hellip;]<\/p>\n","protected":false},"author":18,"featured_media":133483,"comment_status":"closed","ping_status":"closed","sticky":false,"template":"","format":"standard","meta":{"ub_ctt_via":"","_mi_skip_tracking":false},"categories":[2449],"tags":[783],"featured_image_src":"https:\/\/www.messinaoggi.it\/website\/wp-content\/uploads\/2022\/12\/20221209_1787.jpg","author_info":{"display_name":"Admin","author_link":"https:\/\/www.messinaoggi.it\/website\/author\/admin\/"},"digistream_id":0,"digistream":false,"_links":{"self":[{"href":"https:\/\/www.messinaoggi.it\/website\/wp-json\/wp\/v2\/posts\/133482"}],"collection":[{"href":"https:\/\/www.messinaoggi.it\/website\/wp-json\/wp\/v2\/posts"}],"about":[{"href":"https:\/\/www.messinaoggi.it\/website\/wp-json\/wp\/v2\/types\/post"}],"author":[{"embeddable":true,"href":"https:\/\/www.messinaoggi.it\/website\/wp-json\/wp\/v2\/users\/18"}],"replies":[{"embeddable":true,"href":"https:\/\/www.messinaoggi.it\/website\/wp-json\/wp\/v2\/comments?post=133482"}],"version-history":[{"count":0,"href":"https:\/\/www.messinaoggi.it\/website\/wp-json\/wp\/v2\/posts\/133482\/revisions"}],"wp:featuredmedia":[{"embeddable":true,"href":"https:\/\/www.messinaoggi.it\/website\/wp-json\/wp\/v2\/media\/133483"}],"wp:attachment":[{"href":"https:\/\/www.messinaoggi.it\/website\/wp-json\/wp\/v2\/media?parent=133482"}],"wp:term":[{"taxonomy":"category","embeddable":true,"href":"https:\/\/www.messinaoggi.it\/website\/wp-json\/wp\/v2\/categories?post=133482"},{"taxonomy":"post_tag","embeddable":true,"href":"https:\/\/www.messinaoggi.it\/website\/wp-json\/wp\/v2\/tags?post=133482"}],"curies":[{"name":"wp","href":"https:\/\/api.w.org\/{rel}","templated":true}]}}