{"id":133478,"date":"2022-12-09T18:47:51","date_gmt":"2022-12-09T17:47:51","guid":{"rendered":"https:\/\/www.messinaoggi.it\/website\/2022\/12\/09\/cartello-per-il-caro-voli-sicilia-valuta-ricorso-allantitrust\/"},"modified":"2022-12-09T18:47:51","modified_gmt":"2022-12-09T17:47:51","slug":"cartello-per-il-caro-voli-sicilia-valuta-ricorso-allantitrust","status":"publish","type":"post","link":"https:\/\/www.messinaoggi.it\/website\/2022\/12\/09\/cartello-per-il-caro-voli-sicilia-valuta-ricorso-allantitrust\/","title":{"rendered":"\u201cCartello per il caro-voli\u201d, Sicilia valuta ricorso all\u2019Antitrust"},"content":{"rendered":"<div>\n<p>PALERMO (ITALPRESS) \u2013 Il governo regionale guidato da Renato Schifani si schiera contro il caro-voli tra la Sicilia e Roma.<br \/>In una riunione straordinaria, la giunta ha dato il via libera alla proposta del governatore di \u201cdare incarico immediatamente a una struttura legale specializzata in ricorsi all\u2019Antitrust, perch\u00e8 si possa valutare l\u2019opportunit\u00e0 e poi immediatamente rivolgersi all\u2019Autorit\u00e0 che vigila sulla concorrenza\u201d. Schifani parla di \u201ccartello\u201d tra Ita e Ryanair sulla rotta Palermo-Roma, in quanto unici vettori a operare su quel percorso.<br \/>\u201cE\u2019 un fatto inaccettabile \u2013 prosegue il presidente della Regione \u2013 che una struttura pubblica come Ita abbia realizzato un\u2019operazione di \u201ccartello\u201d con Ryanair per evitare che ci siano altri concorrenti che possano incidere sui prezzi, decidendo il rialzo delle tariffe, che arrivano fino a 700 euro. Questa \u00e8 una situazione scandalosa che non pu\u00f2 trovare accoglimento da parte delle istituzioni e che penalizza la popolazione siciliana. Noi siamo qui a tutelare i diritti dei nostri giovani e delle nostre famiglie\u201d.<br \/>La giunta regionale siciliana ha anche istituito un osservatorio permanente per il monitoraggio del traffico aereo che coinvolger\u00e0 i vertici degli aeroporti dell\u2019Isola, le compagnie aeree e i rappresentanti dei consumatori, su proposta dell\u2019assessore alle Infrastrutture e alla mobilit\u00e0, Alessandro Aric\u00f2, come altro tassello della strategia del governo Schifani volta al controllo caro-tariffe aeree e alla tutela dei viaggiatori siciliani. \u201cRiteniamo che l\u2019osservatorio sar\u00e0 uno strumento importante per monitorare il traffico aereo da e per la Sicilia \u2013 dice l\u2019assessore Aric\u00f2 -. Quest\u2019anno sono stati superati i livelli di traffico registrati nel periodo pre-Covid, ma, nonostante questo importante flusso, i vettori hanno deciso di ridurre il numero di voli per Fiumicino e aumentare notevolmente i prezzi, provocando cos\u00ec un danno francamente inaccettabile per i siciliani residenti nell\u2019Isola e nelle altre regioni. Questo nuovo organismo di controllo entrer\u00e0 in funzione gi\u00e0 nelle prossime settimane\u201d.<br \/>Un volo Ita andata e ritorno Palermo-Roma Fiumicino o Catania-Roma Fiumicino pu\u00f2 costare anche pi\u00f9 di un volo dalla Capitale a New York con la stessa compagnia.<br \/>Nel dettaglio, per il Palermo-Roma Fiumicino con andata il 12 dicembre alle 10.10 e ritorno il 16 alle 17.30 il costo supera i mille euro (1.008,5 euro). Stessa soglia superata per il Catania-Roma Fiumicino con andata il 12 dicembre alle 6.05 e ritorno il 16 alle 10 (1.006,44). Per dare un termine di paragone, sempre con Ita, un volo Roma Fiumicino-New York il 12 dicembre pu\u00f2 costare 391 euro.<br \/>\u201cCrisi, pandemia, Covid, guerra, chiusura, blocchi vari\u2026 si parla di rilancio dell\u2019economia, dell\u2019abbattimento delle barriere tra Nord e Sud, di incentivi al turismo, di sostegno a tutti gli italiani senza discriminazione. Tutte belle parole che non valgono per i siciliani e i sardi, se sottoposti al capestro delle tariffe imposte dagli unici due operatori aerei che impongono tariffe aeree indegne e vergognose \u2013 commenta Angelo Argento, presidente di Cultura Italiae e Turismo Italiae -. Basti considerare per gli stessi giorni di qualsiasi periodo dell\u2019anno quanto costa attraversa il Mediterraneo e quanto l\u2019Oceano Atlantico. Basta leggere i prezzi per giudicare. Esistono davvero cittadini di serie A e cittadini senza diritto di cittadinanza. Senza una corretta mobilit\u00e0 non vi \u00e8 n\u00e8 vi pu\u00f2 essere equit\u00e0 sociale e pari possibilit\u00e0 per tutti. E\u2019 una questione profondamente culturale che non pu\u00f2 pi\u00f9 essere taciuta. Ogni tipo di sostegno alle imprese turistiche e culturali in primis non ha alcun senso se questi sono i costi per collegare la Sardegna e la Sicilia al resto dell\u2019Italia e del mondo. E una delle due compagnie sarebbe quella di bandiera. Quale bandiera? Il governo intervenga\u201d.<div id=\"div-gpt-ad-Messinaoggi.it-DSK-300x250-corpoart\" style=\"text-align:center;margin:0 auto;\"><\/div><\/p>\n<p>\u2013 foto screenshot da www.ita-airways.com \u2013<div id=\"videoincontent\" style=\"clear:both\";><\/div><\/p>\n<p>(ITALPRESS).<\/p>\n<\/div>\n","protected":false},"excerpt":{"rendered":"<p>PALERMO (ITALPRESS) \u2013 Il governo regionale guidato da Renato Schifani si schiera contro il caro-voli tra la Sicilia e Roma.In una riunione straordinaria, la giunta ha dato il via libera alla proposta del governatore di \u201cdare incarico immediatamente a una struttura legale specializzata in ricorsi all\u2019Antitrust, perch\u00e8 si possa valutare l\u2019opportunit\u00e0 e poi immediatamente rivolgersi [&hellip;]<\/p>\n","protected":false},"author":18,"featured_media":133479,"comment_status":"closed","ping_status":"closed","sticky":false,"template":"","format":"standard","meta":{"ub_ctt_via":"","_mi_skip_tracking":false},"categories":[2449],"tags":[783],"featured_image_src":"https:\/\/www.messinaoggi.it\/website\/wp-content\/uploads\/2022\/12\/20221209_1699.jpg","author_info":{"display_name":"Admin","author_link":"https:\/\/www.messinaoggi.it\/website\/author\/admin\/"},"digistream_id":0,"digistream":false,"_links":{"self":[{"href":"https:\/\/www.messinaoggi.it\/website\/wp-json\/wp\/v2\/posts\/133478"}],"collection":[{"href":"https:\/\/www.messinaoggi.it\/website\/wp-json\/wp\/v2\/posts"}],"about":[{"href":"https:\/\/www.messinaoggi.it\/website\/wp-json\/wp\/v2\/types\/post"}],"author":[{"embeddable":true,"href":"https:\/\/www.messinaoggi.it\/website\/wp-json\/wp\/v2\/users\/18"}],"replies":[{"embeddable":true,"href":"https:\/\/www.messinaoggi.it\/website\/wp-json\/wp\/v2\/comments?post=133478"}],"version-history":[{"count":0,"href":"https:\/\/www.messinaoggi.it\/website\/wp-json\/wp\/v2\/posts\/133478\/revisions"}],"wp:featuredmedia":[{"embeddable":true,"href":"https:\/\/www.messinaoggi.it\/website\/wp-json\/wp\/v2\/media\/133479"}],"wp:attachment":[{"href":"https:\/\/www.messinaoggi.it\/website\/wp-json\/wp\/v2\/media?parent=133478"}],"wp:term":[{"taxonomy":"category","embeddable":true,"href":"https:\/\/www.messinaoggi.it\/website\/wp-json\/wp\/v2\/categories?post=133478"},{"taxonomy":"post_tag","embeddable":true,"href":"https:\/\/www.messinaoggi.it\/website\/wp-json\/wp\/v2\/tags?post=133478"}],"curies":[{"name":"wp","href":"https:\/\/api.w.org\/{rel}","templated":true}]}}