{"id":133434,"date":"2022-12-09T14:47:52","date_gmt":"2022-12-09T13:47:52","guid":{"rendered":"https:\/\/www.messinaoggi.it\/website\/2022\/12\/09\/riscossione-dei-tributi-ifel-a-supporto-del-comune-di-palermo\/"},"modified":"2022-12-09T14:47:52","modified_gmt":"2022-12-09T13:47:52","slug":"riscossione-dei-tributi-ifel-a-supporto-del-comune-di-palermo","status":"publish","type":"post","link":"https:\/\/www.messinaoggi.it\/website\/2022\/12\/09\/riscossione-dei-tributi-ifel-a-supporto-del-comune-di-palermo\/","title":{"rendered":"Riscossione dei tributi, Ifel a supporto del comune di Palermo"},"content":{"rendered":"<div>\n<p>PALERMO (ITALPRESS) \u2013 E\u2019 stato firmato oggi a Palazzo delle Aquile il protocollo d\u2019intesa tra il Comune di Palermo e IFEL (Istituto per la Finanza e l\u2019Economia Locale), a supporto di una maggiore efficienza dell\u2019azione amministrativa, economico-finanziaria e delle strategie di gestione e riscossione dei tributi, anche in riferimento ai Comuni della Citt\u00e0 Metropolitana di Palermo.<br \/>Oltre al sindaco di Palermo, Roberto Lagalla, e al presidente dell\u2019Ifel, Alessandro Canelli, sindaco di Novara, erano presenti il vicesindaco di Palermo, Carolina Varchi, il Direttore Ifel, Pierciro Galeone e il professore di Diritto tributario Angelo Cuva, coordinatore del Tavolo tecnico fiscalit\u00e0 e bilanci degli enti locali della Citt\u00e0 metropolitana di Palermo.<br \/>\u00abEsprimo soddisfazione per la firma di questo protocollo, grazie al quale il Comune, per trentasei mesi, potr\u00e0 godere del supporto tecnico di IFEL. Ci\u00f2 consentir\u00e0 un\u2019accurata ricognizione dell\u2019attuale situazione economica e finanziaria, propedeutica all\u2019avvio di un processo di digitalizzazione per un progressivo miglioramento dell\u2019efficienza dell\u2019azione amministrativa, all\u2019insegna di una maggiore trasparenza\u00bb, afferma il sindaco di Palermo Roberto Lagalla.<br \/>\u201cIFEL, sin dalla sua nascita nel 2006, ha per missione quella di supportare i  Comuni e le Citt\u00e0 metropolitane in materia di finanza, contabilit\u00e0 e fiscalit\u00e0, per migliorarne la funzione accertativa, di agevolazione dei processi digitali di integrazione nella pubblica amministrazione\u201d, commenta cos\u00ec a margine Alessandro Canelli, il Presidente di IFEL che spiega, \u201ccome gi\u00e0 siglato con Roma Capitale ed \u00e8 in corso per altre realt\u00e0, la collaborazione con il Comune di Palermo \u00e8 coerente con le nostre finalit\u00e0 istituzionali ed utile non solo al miglioramento della gestione dell\u2019amministrazione comunale, ma anche alla sperimentazione di soluzioni innovative, know-how e buone pratiche da potere eventualmente estendere all\u2019insieme dei Comuni italiani\u201d.<br \/>\u201cOltre ad ottenere il supporto tecnico necessario per un\u2019approfondita analisi del bilancio e per il rafforzamento del processo di accertamento e riscossione dei tributi, daremo attuazione ad uno degli obiettivi strategici del Comune come quello del decentramento amministrativo, rivedendo processi e competenze che regolano il funzionamento delle otto circoscrizioni\u00bb, spiega invece il vicesindaco Carolina Varchi.<div id=\"div-gpt-ad-Messinaoggi.it-DSK-300x250-corpoart\" style=\"text-align:center;margin:0 auto;\"><\/div><\/p>\n<p>\u2013 foto: ufficio stampa Comune di Palermo <div id=\"videoincontent\" style=\"clear:both\";><\/div><\/p>\n<p>(ITALPRESS).<\/p>\n<\/div>\n","protected":false},"excerpt":{"rendered":"<p>PALERMO (ITALPRESS) \u2013 E\u2019 stato firmato oggi a Palazzo delle Aquile il protocollo d\u2019intesa tra il Comune di Palermo e IFEL (Istituto per la Finanza e l\u2019Economia Locale), a supporto di una maggiore efficienza dell\u2019azione amministrativa, economico-finanziaria e delle strategie di gestione e riscossione dei tributi, anche in riferimento ai Comuni della Citt\u00e0 Metropolitana di [&hellip;]<\/p>\n","protected":false},"author":18,"featured_media":133435,"comment_status":"closed","ping_status":"closed","sticky":false,"template":"","format":"standard","meta":{"ub_ctt_via":"","_mi_skip_tracking":false},"categories":[2449],"tags":[783],"featured_image_src":"https:\/\/www.messinaoggi.it\/website\/wp-content\/uploads\/2022\/12\/20221209_0748.jpg","author_info":{"display_name":"Admin","author_link":"https:\/\/www.messinaoggi.it\/website\/author\/admin\/"},"digistream_id":0,"digistream":false,"_links":{"self":[{"href":"https:\/\/www.messinaoggi.it\/website\/wp-json\/wp\/v2\/posts\/133434"}],"collection":[{"href":"https:\/\/www.messinaoggi.it\/website\/wp-json\/wp\/v2\/posts"}],"about":[{"href":"https:\/\/www.messinaoggi.it\/website\/wp-json\/wp\/v2\/types\/post"}],"author":[{"embeddable":true,"href":"https:\/\/www.messinaoggi.it\/website\/wp-json\/wp\/v2\/users\/18"}],"replies":[{"embeddable":true,"href":"https:\/\/www.messinaoggi.it\/website\/wp-json\/wp\/v2\/comments?post=133434"}],"version-history":[{"count":0,"href":"https:\/\/www.messinaoggi.it\/website\/wp-json\/wp\/v2\/posts\/133434\/revisions"}],"wp:featuredmedia":[{"embeddable":true,"href":"https:\/\/www.messinaoggi.it\/website\/wp-json\/wp\/v2\/media\/133435"}],"wp:attachment":[{"href":"https:\/\/www.messinaoggi.it\/website\/wp-json\/wp\/v2\/media?parent=133434"}],"wp:term":[{"taxonomy":"category","embeddable":true,"href":"https:\/\/www.messinaoggi.it\/website\/wp-json\/wp\/v2\/categories?post=133434"},{"taxonomy":"post_tag","embeddable":true,"href":"https:\/\/www.messinaoggi.it\/website\/wp-json\/wp\/v2\/tags?post=133434"}],"curies":[{"name":"wp","href":"https:\/\/api.w.org\/{rel}","templated":true}]}}