{"id":13340,"date":"2017-12-19T14:50:32","date_gmt":"2017-12-19T13:50:32","guid":{"rendered":"http:\/\/www.messinaoggi.it\/website\/?p=13340"},"modified":"2017-12-19T14:50:32","modified_gmt":"2017-12-19T13:50:32","slug":"fiera-di-messina-vertenza-si-sblocca-impiegati-assunti-dalla-resais-e-in-servizio-al-genio-civile-ed-ersu","status":"publish","type":"post","link":"https:\/\/www.messinaoggi.it\/website\/2017\/12\/19\/fiera-di-messina-vertenza-si-sblocca-impiegati-assunti-dalla-resais-e-in-servizio-al-genio-civile-ed-ersu\/","title":{"rendered":"Fiera di Messina, vertenza si sblocca. Impiegati assunti dalla Resais e in servizio al Genio Civile ed Ersu"},"content":{"rendered":"<p style=\"text-align: justify;\">Il loro assorbimento definitivo dalla societ\u00e0 Resais si \u00e8 avverato a Palermo, dopo una condizione di difficolt\u00e0 che si \u00e8 prolungata 76 mesi e dopo che l\u2019Ente Fiera di Messina ha sub\u00ecto lo scioglimento e la messa in liquidazione. Da domani, 8 impiegati svolgeranno mansioni presso il Genio civile di Messina ed uno all\u2019Ersu.<div id=\"div-gpt-ad-Messinaoggi.it-DSK-300x250-corpoart\" style=\"text-align:center;margin:0 auto;\"><\/div><\/p>\n<p style=\"text-align: justify;\">\u201cUn risultato importante che ripaga i lavoratori da una dura e lunga attesa e da anni di pesanti sacrifici\u201d, cos\u00ec Monica Genovese della segreteria regionale della Cgil, il segretario generale della Cgil di Messina Giovanni Mastroeni, il segretario provinciale Carmelo Garufi e il segretario generale della Filcams di Messina Francesco Lucchesi nella giornata che segna finalmente la positiva conclusione della vertenza dei dipendenti dell\u2019Ente.<div id=\"videoincontent\" style=\"clear:both\";><\/div><\/p>\n<p style=\"text-align: justify;\">E\u2019 stata la societ\u00e0 Resais, una sorta di partecipata della Regione che si occupa di servizi per conto di quest\u2019ultima a permettere lo spostamento del personale che ha fortemente protestato. in questi anni, grazie alla continua iniziativa sindacale. La Resais ha assunto l\u2019organico di Messina, come ha gi\u00e0 attuato per l\u2019Ente Fiera del Mediterraneo a Palermo, nell\u2019epoca pre-Crocetta, in cui ha salvato una quarantina di risorse umane.<\/p>\n<p style=\"text-align: justify;\">La parte sociale Cgil ha cercato di dare una prospettiva di occupazione in un periodo decisamente oscuro. Per i segretari di Cgil e Filcams oggi \u00e8 un traguardo significativo perch\u00e9 si restituisce dignit\u00e0 lavorativa e si ottengono risposte in termini di posti di lavoro.<\/p>\n","protected":false},"excerpt":{"rendered":"<p>Il loro assorbimento definitivo dalla societ\u00e0 Resais si \u00e8 avverato a Palermo, dopo una condizione di difficolt\u00e0 che si \u00e8 prolungata 76 mesi e dopo che l\u2019Ente Fiera di Messina ha sub\u00ecto lo scioglimento e la messa in liquidazione. Da domani, 8 impiegati svolgeranno mansioni presso il Genio civile di Messina ed uno all\u2019Ersu. \u201cUn [&hellip;]<\/p>\n","protected":false},"author":7,"featured_media":2467,"comment_status":"closed","ping_status":"open","sticky":false,"template":"","format":"standard","meta":{"ub_ctt_via":"","_mi_skip_tracking":false},"categories":[5],"tags":[],"featured_image_src":"https:\/\/www.messinaoggi.it\/website\/wp-content\/uploads\/2017\/06\/fiera-messina_3056-2.jpg","author_info":{"display_name":"Redazione1","author_link":"https:\/\/www.messinaoggi.it\/website\/author\/redazione1\/"},"digistream_id":0,"digistream":false,"_links":{"self":[{"href":"https:\/\/www.messinaoggi.it\/website\/wp-json\/wp\/v2\/posts\/13340"}],"collection":[{"href":"https:\/\/www.messinaoggi.it\/website\/wp-json\/wp\/v2\/posts"}],"about":[{"href":"https:\/\/www.messinaoggi.it\/website\/wp-json\/wp\/v2\/types\/post"}],"author":[{"embeddable":true,"href":"https:\/\/www.messinaoggi.it\/website\/wp-json\/wp\/v2\/users\/7"}],"replies":[{"embeddable":true,"href":"https:\/\/www.messinaoggi.it\/website\/wp-json\/wp\/v2\/comments?post=13340"}],"version-history":[{"count":0,"href":"https:\/\/www.messinaoggi.it\/website\/wp-json\/wp\/v2\/posts\/13340\/revisions"}],"wp:featuredmedia":[{"embeddable":true,"href":"https:\/\/www.messinaoggi.it\/website\/wp-json\/wp\/v2\/media\/2467"}],"wp:attachment":[{"href":"https:\/\/www.messinaoggi.it\/website\/wp-json\/wp\/v2\/media?parent=13340"}],"wp:term":[{"taxonomy":"category","embeddable":true,"href":"https:\/\/www.messinaoggi.it\/website\/wp-json\/wp\/v2\/categories?post=13340"},{"taxonomy":"post_tag","embeddable":true,"href":"https:\/\/www.messinaoggi.it\/website\/wp-json\/wp\/v2\/tags?post=13340"}],"curies":[{"name":"wp","href":"https:\/\/api.w.org\/{rel}","templated":true}]}}