{"id":133381,"date":"2022-12-09T10:08:51","date_gmt":"2022-12-09T09:08:51","guid":{"rendered":"http:\/\/www.messinaoggi.it\/website\/?p=133381"},"modified":"2022-12-09T10:08:52","modified_gmt":"2022-12-09T09:08:52","slug":"si-accende-il-natale-messinese","status":"publish","type":"post","link":"https:\/\/www.messinaoggi.it\/website\/2022\/12\/09\/si-accende-il-natale-messinese\/","title":{"rendered":"Si accende il Natale messinese"},"content":{"rendered":"\n<p>La festa dell&#8217;Accensione dell&#8217;albero di piazza Cairoli ha dato inizio, come da tradizione, ai festeggiamenti del Natale di Messina.<div id=\"div-gpt-ad-Messinaoggi.it-DSK-300x250-corpoart\" style=\"text-align:center;margin:0 auto;\"><\/div><\/p>\n\n\n\n<p>Un evento che ha richiamato migliaia di persone nella principale piazza cittadina agghindata per le feste con luminarie, attrattive per i pi\u00f9 piccoli e il mercatino di Natale.<div id=\"videoincontent\" style=\"clear:both\";><\/div><\/p>\n\n\n\n<p>Piazza Cairoli ha offerto una bella immagine di s\u00e9 in occasione di quello che \u00e8 stato battezzato il &#8220;Natale della Rinascita&#8221;, per volere del sindaco Federico Basile.<\/p>\n\n\n\n<p>&#8220;Al di l\u00e0 delle polemiche per l&#8217;allestimento dell&#8217;albero di Natale &#8211; afferma l&#8217;assessore Massimo Finocchiaro &#8211; registro molti apprezzamenti per il clima che si \u00e8 creato in citt\u00e0. Da assessore al commercio, sono veramente contento per il movimento che si \u00e8 creato intorno ad un evento che ha richiamato migliaia di persone nel centro commerciale della citt\u00e0. Sono contento da amministratore ma soprattutto da imprenditore che conosce le immani difficolt\u00e0 di chi fa impresa&#8221;.<\/p>\n\n\n\n<p><strong>Il mercatino di Natale<\/strong><\/p>\n\n\n\n<p>Da ieri pomeriggio \u00e8 aperto a piazza Cairoli, lato mare, il mercatino di Natale dove \u00e8 possibile trovare i manufatti dell&#8217;artigianato locale che si coniugano con le specialit\u00e0 gastronomiche della tradizione natalizia. Nelle pagode allestite per il food hanno riscosso grandissimo successo le &#8220;crespelle&#8221; di Mamma Rosa, cos\u00ec come il ricercato panino con la &#8220;porchetta di Ariccia&#8221;.<\/p>\n\n\n\n<figure class=\"wp-block-image size-large\"><img loading=\"lazy\" width=\"1024\" height=\"768\" src=\"https:\/\/www.messinaoggi.it\/website\/wp-content\/uploads\/2022\/12\/0-3-1024x768.jpg\" alt=\"\" class=\"wp-image-133382\" srcset=\"https:\/\/www.messinaoggi.it\/website\/wp-content\/uploads\/2022\/12\/0-3-1024x768.jpg 1024w, https:\/\/www.messinaoggi.it\/website\/wp-content\/uploads\/2022\/12\/0-3-300x225.jpg 300w, https:\/\/www.messinaoggi.it\/website\/wp-content\/uploads\/2022\/12\/0-3-768x576.jpg 768w, https:\/\/www.messinaoggi.it\/website\/wp-content\/uploads\/2022\/12\/0-3.jpg 1201w\" sizes=\"(max-width: 1024px) 100vw, 1024px\" \/><figcaption><strong>Grande successo della porchetta di Ariccia<\/strong><\/figcaption><\/figure>\n\n\n\n<p>E poi in esposizione il panettone delle &#8220;Tre Sorelle&#8221;, premiato qualche settimana fa dalla critica del concorso mondiale delle produzioni artigianali.<\/p>\n\n\n\n<p><strong>I giochi per i pi\u00f9 piccoli<\/strong><\/p>\n\n\n\n<figure class=\"wp-block-image size-large\"><img loading=\"lazy\" width=\"1024\" height=\"768\" src=\"https:\/\/www.messinaoggi.it\/website\/wp-content\/uploads\/2022\/12\/0-1-1-1024x768.jpg\" alt=\"\" class=\"wp-image-133383\" srcset=\"https:\/\/www.messinaoggi.it\/website\/wp-content\/uploads\/2022\/12\/0-1-1-1024x768.jpg 1024w, https:\/\/www.messinaoggi.it\/website\/wp-content\/uploads\/2022\/12\/0-1-1-300x225.jpg 300w, https:\/\/www.messinaoggi.it\/website\/wp-content\/uploads\/2022\/12\/0-1-1-768x576.jpg 768w, https:\/\/www.messinaoggi.it\/website\/wp-content\/uploads\/2022\/12\/0-1-1.jpg 1201w\" sizes=\"(max-width: 1024px) 100vw, 1024px\" \/><figcaption><strong>Piazza Cairoli presa d&#8217;assalto dai messinesi<\/strong><\/figcaption><\/figure>\n\n\n\n<p>Grande attenzione \u00e8 stata prestata &#8211; come da tradizione &#8211; al divertimento e lo svago per i pi\u00f9 piccoli. La &#8220;Giostra a Cavalli&#8221;, il trenino e la giostrina per i bimbi, sono stati letteralmente presi d&#8217;assalto, segno evidente che riscuotono le attrattive grande successo.<\/p>\n\n\n\n<figure class=\"wp-block-image size-large\"><img loading=\"lazy\" width=\"1024\" height=\"768\" src=\"https:\/\/www.messinaoggi.it\/website\/wp-content\/uploads\/2022\/12\/0-2-1024x768.jpg\" alt=\"\" class=\"wp-image-133384\" srcset=\"https:\/\/www.messinaoggi.it\/website\/wp-content\/uploads\/2022\/12\/0-2-1024x768.jpg 1024w, https:\/\/www.messinaoggi.it\/website\/wp-content\/uploads\/2022\/12\/0-2-300x225.jpg 300w, https:\/\/www.messinaoggi.it\/website\/wp-content\/uploads\/2022\/12\/0-2-768x576.jpg 768w, https:\/\/www.messinaoggi.it\/website\/wp-content\/uploads\/2022\/12\/0-2.jpg 1201w\" sizes=\"(max-width: 1024px) 100vw, 1024px\" \/><figcaption><strong>I mercatini di Natale di piazza Cairoli<\/strong><\/figcaption><\/figure>\n","protected":false},"excerpt":{"rendered":"<p>La festa dell&#8217;Accensione dell&#8217;albero di piazza Cairoli ha dato inizio, come da tradizione, ai festeggiamenti del Natale di Messina. Un evento che ha richiamato migliaia di persone nella principale piazza cittadina agghindata per le feste con luminarie, attrattive per i pi\u00f9 piccoli e il mercatino di Natale. Piazza Cairoli ha offerto una bella immagine di [&hellip;]<\/p>\n","protected":false},"author":2,"featured_media":133385,"comment_status":"open","ping_status":"open","sticky":false,"template":"","format":"standard","meta":{"ub_ctt_via":"","_mi_skip_tracking":false},"categories":[19],"tags":[5854,5855,129],"featured_image_src":"https:\/\/www.messinaoggi.it\/website\/wp-content\/uploads\/2022\/12\/0-4.jpg","author_info":{"display_name":"Redazione","author_link":"https:\/\/www.messinaoggi.it\/website\/author\/redazione\/"},"digistream_id":0,"digistream":false,"_links":{"self":[{"href":"https:\/\/www.messinaoggi.it\/website\/wp-json\/wp\/v2\/posts\/133381"}],"collection":[{"href":"https:\/\/www.messinaoggi.it\/website\/wp-json\/wp\/v2\/posts"}],"about":[{"href":"https:\/\/www.messinaoggi.it\/website\/wp-json\/wp\/v2\/types\/post"}],"author":[{"embeddable":true,"href":"https:\/\/www.messinaoggi.it\/website\/wp-json\/wp\/v2\/users\/2"}],"replies":[{"embeddable":true,"href":"https:\/\/www.messinaoggi.it\/website\/wp-json\/wp\/v2\/comments?post=133381"}],"version-history":[{"count":1,"href":"https:\/\/www.messinaoggi.it\/website\/wp-json\/wp\/v2\/posts\/133381\/revisions"}],"predecessor-version":[{"id":133386,"href":"https:\/\/www.messinaoggi.it\/website\/wp-json\/wp\/v2\/posts\/133381\/revisions\/133386"}],"wp:featuredmedia":[{"embeddable":true,"href":"https:\/\/www.messinaoggi.it\/website\/wp-json\/wp\/v2\/media\/133385"}],"wp:attachment":[{"href":"https:\/\/www.messinaoggi.it\/website\/wp-json\/wp\/v2\/media?parent=133381"}],"wp:term":[{"taxonomy":"category","embeddable":true,"href":"https:\/\/www.messinaoggi.it\/website\/wp-json\/wp\/v2\/categories?post=133381"},{"taxonomy":"post_tag","embeddable":true,"href":"https:\/\/www.messinaoggi.it\/website\/wp-json\/wp\/v2\/tags?post=133381"}],"curies":[{"name":"wp","href":"https:\/\/api.w.org\/{rel}","templated":true}]}}