{"id":133375,"date":"2022-12-09T09:32:53","date_gmt":"2022-12-09T08:32:53","guid":{"rendered":"https:\/\/www.messinaoggi.it\/website\/2022\/12\/09\/cartello-voli-palermo-roma-giunta-straordinaria-sul-ricorso-antitrust\/"},"modified":"2022-12-09T09:32:53","modified_gmt":"2022-12-09T08:32:53","slug":"cartello-voli-palermo-roma-giunta-straordinaria-sul-ricorso-antitrust","status":"publish","type":"post","link":"https:\/\/www.messinaoggi.it\/website\/2022\/12\/09\/cartello-voli-palermo-roma-giunta-straordinaria-sul-ricorso-antitrust\/","title":{"rendered":"\u201cCartello\u201d voli Palermo-Roma, Giunta straordinaria sul ricorso Antitrust"},"content":{"rendered":"<div>\n<p>PALERMO (ITALPRESS) \u2013 Il presidente della Regione Siciliana Renato Schifani ha convocato una Giunta straordinaria per le 16 di oggi. L\u2019unico argomento all\u2019ordine del giorno sar\u00e0 la presentazione del ricorso all\u2019Antitrust sulla questione del \u201ccartello\u201d tra Ita e Ryanair sulla rotta Palermo-Roma. La Giunta <br \/>acquisir\u00e0 parere sulla fondatezza e dar\u00e0 conseguente mandato al ricorso. La Regione si rivolger\u00e0 a una struttura esterna esperta in antitrust. Il Governatore della Sicilia gi\u00e0 nella giornata di ieri aveva annunciato il ricorso l\u2019Antitrust in quanto: \u201cLo scandalo del caro voli che da tempo colpisce i siciliani deve trovare una risposta, immediata ed efficace\u201d.<div id=\"div-gpt-ad-Messinaoggi.it-DSK-300x250-corpoart\" style=\"text-align:center;margin:0 auto;\"><\/div><\/p>\n<p>\u2013 foto: agenziafotogramma.it <div id=\"videoincontent\" style=\"clear:both\";><\/div><\/p>\n<p>(ITALPRESS).<\/p>\n<\/div>\n","protected":false},"excerpt":{"rendered":"<p>PALERMO (ITALPRESS) \u2013 Il presidente della Regione Siciliana Renato Schifani ha convocato una Giunta straordinaria per le 16 di oggi. L\u2019unico argomento all\u2019ordine del giorno sar\u00e0 la presentazione del ricorso all\u2019Antitrust sulla questione del \u201ccartello\u201d tra Ita e Ryanair sulla rotta Palermo-Roma. La Giunta acquisir\u00e0 parere sulla fondatezza e dar\u00e0 conseguente mandato al ricorso. La [&hellip;]<\/p>\n","protected":false},"author":18,"featured_media":133376,"comment_status":"closed","ping_status":"closed","sticky":false,"template":"","format":"standard","meta":{"ub_ctt_via":"","_mi_skip_tracking":false},"categories":[2449],"tags":[783],"featured_image_src":"https:\/\/www.messinaoggi.it\/website\/wp-content\/uploads\/2022\/12\/20221209_0134.jpg","author_info":{"display_name":"Admin","author_link":"https:\/\/www.messinaoggi.it\/website\/author\/admin\/"},"digistream_id":0,"digistream":false,"_links":{"self":[{"href":"https:\/\/www.messinaoggi.it\/website\/wp-json\/wp\/v2\/posts\/133375"}],"collection":[{"href":"https:\/\/www.messinaoggi.it\/website\/wp-json\/wp\/v2\/posts"}],"about":[{"href":"https:\/\/www.messinaoggi.it\/website\/wp-json\/wp\/v2\/types\/post"}],"author":[{"embeddable":true,"href":"https:\/\/www.messinaoggi.it\/website\/wp-json\/wp\/v2\/users\/18"}],"replies":[{"embeddable":true,"href":"https:\/\/www.messinaoggi.it\/website\/wp-json\/wp\/v2\/comments?post=133375"}],"version-history":[{"count":0,"href":"https:\/\/www.messinaoggi.it\/website\/wp-json\/wp\/v2\/posts\/133375\/revisions"}],"wp:featuredmedia":[{"embeddable":true,"href":"https:\/\/www.messinaoggi.it\/website\/wp-json\/wp\/v2\/media\/133376"}],"wp:attachment":[{"href":"https:\/\/www.messinaoggi.it\/website\/wp-json\/wp\/v2\/media?parent=133375"}],"wp:term":[{"taxonomy":"category","embeddable":true,"href":"https:\/\/www.messinaoggi.it\/website\/wp-json\/wp\/v2\/categories?post=133375"},{"taxonomy":"post_tag","embeddable":true,"href":"https:\/\/www.messinaoggi.it\/website\/wp-json\/wp\/v2\/tags?post=133375"}],"curies":[{"name":"wp","href":"https:\/\/api.w.org\/{rel}","templated":true}]}}