{"id":133356,"date":"2022-12-08T16:17:50","date_gmt":"2022-12-08T15:17:50","guid":{"rendered":"https:\/\/www.messinaoggi.it\/website\/2022\/12\/08\/vescovo-di-palermo-i-politici-siano-onesti-e-distanti-dalla-mafia\/"},"modified":"2022-12-08T16:17:50","modified_gmt":"2022-12-08T15:17:50","slug":"vescovo-di-palermo-i-politici-siano-onesti-e-distanti-dalla-mafia","status":"publish","type":"post","link":"https:\/\/www.messinaoggi.it\/website\/2022\/12\/08\/vescovo-di-palermo-i-politici-siano-onesti-e-distanti-dalla-mafia\/","title":{"rendered":"Vescovo di Palermo \u201cI politici siano onesti e distanti dalla mafia\u201d"},"content":{"rendered":"<div>\n<p>PALERMO (ITALPRESS) \u2013 \u201cO Madre santissima, noi ti affidiamo la nostra Chiesa e la nostra Citt\u00e0 di Palermo, le famiglie, l\u2019innocenza dei bambini, il futuro incerto dei giovani, illusi dai falsari di libert\u00e0 e circuiti da spacciatori di dipendenze e di morte; ti affidiamo gli anziani, gli ammalati, le persone disabili, gli emarginati, i poveri, i profughi, i carcerati, l\u2019umanit\u00e0 intera perch\u00e8 tutti sono tuoi figli. Ti affidiamo, o Madre, la grande causa della giustizia e della pace nel mondo, specialmente in Ucraina\u201d. Cos\u00ec l\u2019arcivescovo di Palermo, monsignor Corrado Lorefice, nella preghiera per la solennit\u00e0 dell\u2019Immacolata Concezione di Maria dopo l\u2019omelia nella basilica di San Francesco d\u2019Assisi.<br \/>\u201cDona agli amministratori fedelt\u00e0 ai principi costituzionali, onest\u00e0 e distacco da interessi personali o di gruppo, libert\u00e0 da ingerenze mafiose, intelligenza, capacit\u00e0 progettuale e costanza nella risoluzione dei veri problemi della nostra gente: casa, lavoro, pane, ambiente, diritto allo studio, assistenza sanitaria, legalit\u00e0, infrastrutture\u201d, sottolinea il vescovo di Palermo, aggiungendo: \u201cF\u00e0 che ricerchiamo sempre la giustizia e la carit\u00e0 e percorriamo fedelmente la via che conduce al monte santo di Dio, dove tu ci attendi con Ges\u00f9\u201d.<br \/>(ITALPRESS).<div id=\"div-gpt-ad-Messinaoggi.it-DSK-300x250-corpoart\" style=\"text-align:center;margin:0 auto;\"><\/div><\/p>\n<\/div>\n<div id=\"videoincontent\" style=\"clear:both\";><\/div>","protected":false},"excerpt":{"rendered":"<p>PALERMO (ITALPRESS) \u2013 \u201cO Madre santissima, noi ti affidiamo la nostra Chiesa e la nostra Citt\u00e0 di Palermo, le famiglie, l\u2019innocenza dei bambini, il futuro incerto dei giovani, illusi dai falsari di libert\u00e0 e circuiti da spacciatori di dipendenze e di morte; ti affidiamo gli anziani, gli ammalati, le persone disabili, gli emarginati, i poveri, [&hellip;]<\/p>\n","protected":false},"author":18,"featured_media":133357,"comment_status":"closed","ping_status":"closed","sticky":false,"template":"","format":"standard","meta":{"ub_ctt_via":"","_mi_skip_tracking":false},"categories":[2449],"tags":[783],"featured_image_src":"https:\/\/www.messinaoggi.it\/website\/wp-content\/uploads\/2022\/12\/20221208_1170.jpg","author_info":{"display_name":"Admin","author_link":"https:\/\/www.messinaoggi.it\/website\/author\/admin\/"},"digistream_id":0,"digistream":false,"_links":{"self":[{"href":"https:\/\/www.messinaoggi.it\/website\/wp-json\/wp\/v2\/posts\/133356"}],"collection":[{"href":"https:\/\/www.messinaoggi.it\/website\/wp-json\/wp\/v2\/posts"}],"about":[{"href":"https:\/\/www.messinaoggi.it\/website\/wp-json\/wp\/v2\/types\/post"}],"author":[{"embeddable":true,"href":"https:\/\/www.messinaoggi.it\/website\/wp-json\/wp\/v2\/users\/18"}],"replies":[{"embeddable":true,"href":"https:\/\/www.messinaoggi.it\/website\/wp-json\/wp\/v2\/comments?post=133356"}],"version-history":[{"count":0,"href":"https:\/\/www.messinaoggi.it\/website\/wp-json\/wp\/v2\/posts\/133356\/revisions"}],"wp:featuredmedia":[{"embeddable":true,"href":"https:\/\/www.messinaoggi.it\/website\/wp-json\/wp\/v2\/media\/133357"}],"wp:attachment":[{"href":"https:\/\/www.messinaoggi.it\/website\/wp-json\/wp\/v2\/media?parent=133356"}],"wp:term":[{"taxonomy":"category","embeddable":true,"href":"https:\/\/www.messinaoggi.it\/website\/wp-json\/wp\/v2\/categories?post=133356"},{"taxonomy":"post_tag","embeddable":true,"href":"https:\/\/www.messinaoggi.it\/website\/wp-json\/wp\/v2\/tags?post=133356"}],"curies":[{"name":"wp","href":"https:\/\/api.w.org\/{rel}","templated":true}]}}