{"id":133327,"date":"2022-12-08T11:23:53","date_gmt":"2022-12-08T10:23:53","guid":{"rendered":"http:\/\/www.messinaoggi.it\/website\/?p=133327"},"modified":"2022-12-08T11:23:54","modified_gmt":"2022-12-08T10:23:54","slug":"fdi-manca-numero-legale-battuta-maggioranza-basile","status":"publish","type":"post","link":"https:\/\/www.messinaoggi.it\/website\/2022\/12\/08\/fdi-manca-numero-legale-battuta-maggioranza-basile\/","title":{"rendered":"FdI: &#8220;manca numero legale, battuta maggioranza Basile&#8221;"},"content":{"rendered":"\n<p>&#8220;Esordio amaro per il neo assessore alle attivit\u00e0 produttive <strong>Massimo Finocchiaro <\/strong>che con la sua prima delibera, al primo round, \u00e8 stato sconfitto dalla sua stessa maggioranza!<div id=\"div-gpt-ad-Messinaoggi.it-DSK-300x250-corpoart\" style=\"text-align:center;margin:0 auto;\"><\/div><\/p>\n\n\n\n<p>Oggi in Consiglio comunale si \u00e8 consumato un nuovo atto politico in cui la maggioranza di 23 consiglieri del sindaco Basile ha dimostrato di non essere poi cos\u00ec granitica come sembra, tanto che \u00e8 venuto meno anche il numero legale minimo di 17 componenti poco prima della votazione della delibera relativa alla delocalizzazione del mercato domenicale di via Enrico Fermi.<div id=\"videoincontent\" style=\"clear:both\";><\/div><\/p>\n\n\n\n<p>Come gruppo di Fratelli d\u2019Italia, nel merito della delibera, sostenendo la richiesta del collega Pasquale Curr\u00f2 che aveva chiesto, prima di votare la delibera, una audizione di tutti i portatori di interesse (mercatali e commercianti) che erano stati esclusi dalla concertazione con la Giunta in merito allo spostamento del mercato, abbiamo chiesto il rinvio della trattazione dell\u2019atto di qualche giorno proprio per ascoltare in Aula le ragioni dei soggetti coinvolti, anche per il malessere che ci era stato manifestato dagli stessi in questi giorni.<\/p>\n\n\n\n<p>Ebbene, la nostra mozione \u00e8 stata bocciata per un solo voto di differenza (su 27 presenti, 13 favorevoli e 14 contrari), ma gi\u00e0 da questa votazione avevamo accolto di buon grado il voto favorevole di due componenti della maggioranza che quindi si erano dissociati dai loro colleghi del movimento vicino al sindaco.<\/p>\n\n\n\n<p>Evidentemente, per\u00f2, l\u2019arroganza o la presunzione politica della maggioranza, ha giocato loro un brutto scherzo visto che alla richiesta di verifica del numero legale presentata dal capogruppo di Fratelli d\u2019Italia Libero Gioveni, \u00e8 venuto meno il numero legale, anche dopo un\u2019ora come previsto dal Regolamento, con soli 11 consiglieri presenti in seconda battuta!<\/p>\n\n\n\n<p>Sentiamo di ringraziare, oltre i colleghi di Ora Sicilia e del centrosinistra per la condivisione della nostra proposta, anche e soprattutto i 4 consiglieri della maggioranza che dissociandosi dalla loro area politica, hanno deciso anch\u2019essi di abbandonare l\u2019Aula comprendendo la necessit\u00e0 di dover coinvolgere nella decisione che ha riflessi anche e soprattutto sui bilanci familiari di 140 lavoratori, anche questi ultimi.<\/p>\n\n\n\n<p>La delibera adesso sar\u00e0 trattata in una seduta di seconda convocazione venerd\u00ec 9, ed \u00e8 parecchio probabile che avr\u00e0 i numeri per essere approvata.<\/p>\n\n\n\n<p>Ma resta il dato politico di oggi che certamente non pu\u00f2 essere sottovalutato per una duplice ragione; la prima: lo scatto di orgoglio avuto da qualcuno della maggioranza a cui evidentemente non piacciono pi\u00f9 i provvedimenti calati dall\u2019alto. La seconda ragione, il voler reiterare un atteggiamento di chiusura totale verso l\u2019opposizione che persino oggi aveva dimostrato collaborazione rinunciando ai termini di legge per la discussione sul Bilancio Consolidato.<\/p>\n\n\n\n<p>Ne prendiamo senz\u2019altro atto per il futuro!&#8221;.<\/p>\n\n\n\n<p>Lo dichiarano il capogruppo di FdI in Consiglio Comunale <strong>Libero Gioveni <\/strong>e i consiglieri <strong>Dario Carbone <\/strong>e<strong> Pasquale Curr\u00f2.<\/strong><\/p>\n","protected":false},"excerpt":{"rendered":"<p>&#8220;Esordio amaro per il neo assessore alle attivit\u00e0 produttive Massimo Finocchiaro che con la sua prima delibera, al primo round, \u00e8 stato sconfitto dalla sua stessa maggioranza! Oggi in Consiglio comunale si \u00e8 consumato un nuovo atto politico in cui la maggioranza di 23 consiglieri del sindaco Basile ha dimostrato di non essere poi cos\u00ec [&hellip;]<\/p>\n","protected":false},"author":15,"featured_media":121373,"comment_status":"open","ping_status":"open","sticky":false,"template":"","format":"standard","meta":{"ub_ctt_via":"","_mi_skip_tracking":false},"categories":[4],"tags":[180,3756,1059,740,5844,5845,5582],"featured_image_src":"https:\/\/www.messinaoggi.it\/website\/wp-content\/uploads\/2022\/09\/Libero-Gioveni-Dario-Carbone-e-Pasquale-Curro-foto-gruppo-FdI.jpg","author_info":{"display_name":"red.me","author_link":"https:\/\/www.messinaoggi.it\/website\/author\/red-me\/"},"digistream_id":0,"digistream":false,"_links":{"self":[{"href":"https:\/\/www.messinaoggi.it\/website\/wp-json\/wp\/v2\/posts\/133327"}],"collection":[{"href":"https:\/\/www.messinaoggi.it\/website\/wp-json\/wp\/v2\/posts"}],"about":[{"href":"https:\/\/www.messinaoggi.it\/website\/wp-json\/wp\/v2\/types\/post"}],"author":[{"embeddable":true,"href":"https:\/\/www.messinaoggi.it\/website\/wp-json\/wp\/v2\/users\/15"}],"replies":[{"embeddable":true,"href":"https:\/\/www.messinaoggi.it\/website\/wp-json\/wp\/v2\/comments?post=133327"}],"version-history":[{"count":1,"href":"https:\/\/www.messinaoggi.it\/website\/wp-json\/wp\/v2\/posts\/133327\/revisions"}],"predecessor-version":[{"id":133328,"href":"https:\/\/www.messinaoggi.it\/website\/wp-json\/wp\/v2\/posts\/133327\/revisions\/133328"}],"wp:featuredmedia":[{"embeddable":true,"href":"https:\/\/www.messinaoggi.it\/website\/wp-json\/wp\/v2\/media\/121373"}],"wp:attachment":[{"href":"https:\/\/www.messinaoggi.it\/website\/wp-json\/wp\/v2\/media?parent=133327"}],"wp:term":[{"taxonomy":"category","embeddable":true,"href":"https:\/\/www.messinaoggi.it\/website\/wp-json\/wp\/v2\/categories?post=133327"},{"taxonomy":"post_tag","embeddable":true,"href":"https:\/\/www.messinaoggi.it\/website\/wp-json\/wp\/v2\/tags?post=133327"}],"curies":[{"name":"wp","href":"https:\/\/api.w.org\/{rel}","templated":true}]}}