{"id":133321,"date":"2022-12-08T10:47:40","date_gmt":"2022-12-08T09:47:40","guid":{"rendered":"http:\/\/www.messinaoggi.it\/website\/?p=133321"},"modified":"2022-12-08T10:47:41","modified_gmt":"2022-12-08T09:47:41","slug":"ars-si-a-odg-m5s-per-i-danneggiati-dal-maltempo","status":"publish","type":"post","link":"https:\/\/www.messinaoggi.it\/website\/2022\/12\/08\/ars-si-a-odg-m5s-per-i-danneggiati-dal-maltempo\/","title":{"rendered":"Ars, S\u00ec a odg M5S per i danneggiati dal maltempo"},"content":{"rendered":"\n<p>\u201cIl risarcimento ai privati siciliani pesantemente danneggiati dalle alluvioni di settembre e ottobre non doveva essere affidato solo alla riprogrammazione dei fondi europei come medita di fare il governo: troppo lungo e tortuoso potrebbe essere l\u2019iter gestionale per dare risposte a chi ha invece urgentissimo bisogno di una mano tesa per sistemare le proprie abitazioni o per rimettere in piedi imprese agonizzanti o quasi\u201d.<div id=\"div-gpt-ad-Messinaoggi.it-DSK-300x250-corpoart\" style=\"text-align:center;margin:0 auto;\"><\/div><\/p>\n\n\n\n<p>Lo afferma il capogruppo del M5S all\u2019Ars Antonio De Luca a commento della bocciatura da parte del gruppo M5S del ddl sulle variazioni di bilancio discusso oggi a sala d\u2019Ercole.<div id=\"videoincontent\" style=\"clear:both\";><\/div><\/p>\n\n\n\n<p>\u201cPur apprezzando lo sforzo in favore dei Comuni \u2013 dice il capogruppo 5 stelle \u2013manovre come queste non possono non tenere conto delle grida di dolore dei siciliani che devono fare i conti con danni enormi e devono farlo in tempi strettissimi. Abbiamo chiesto a Schifani di impegnarsi a mettere risorse immediatamente spendibili nella prossima Finanziaria\u201d.<\/p>\n\n\n\n<p>&#8220;Avremmo preferito \u2013 dice la deputata Cristina Ciminnisi, prima firmataria di un odg a favore dei ristori di famiglie ed imprese danneggiate dal maltempo accolto dal governo &#8211; che si giungesse all&#8217;approvazione di una norma specifica in questa variazione di bilancio. Tuttavia, grazie all&#8217;approvazione del nostro ordine del giorno, siamo riusciti a rendere formale l&#8217;impegno del governo a reperire le risorse necessarie ai ristori per i danneggiati dagli eventi meteo avversi di settembre e ottobre, seppur a seguito di riprogrammazione di fondi extraregionali. Questo allungher\u00e0 un po&#8217; i tempi di erogazione ma saremo vigili affinch\u00e9 queste risorse possano essere erogate ai cittadini nel pi\u00f9 breve tempo possibile&#8221;.<\/p>\n","protected":false},"excerpt":{"rendered":"<p>\u201cIl risarcimento ai privati siciliani pesantemente danneggiati dalle alluvioni di settembre e ottobre non doveva essere affidato solo alla riprogrammazione dei fondi europei come medita di fare il governo: troppo lungo e tortuoso potrebbe essere l\u2019iter gestionale per dare risposte a chi ha invece urgentissimo bisogno di una mano tesa per sistemare le proprie abitazioni [&hellip;]<\/p>\n","protected":false},"author":15,"featured_media":75270,"comment_status":"open","ping_status":"open","sticky":false,"template":"","format":"standard","meta":{"ub_ctt_via":"","_mi_skip_tracking":false},"categories":[4],"tags":[4126,1113,5842,173,1025],"featured_image_src":"https:\/\/www.messinaoggi.it\/website\/wp-content\/uploads\/2021\/08\/Antonio-De-Luca-M5S.jpg","author_info":{"display_name":"red.me","author_link":"https:\/\/www.messinaoggi.it\/website\/author\/red-me\/"},"digistream_id":0,"digistream":false,"_links":{"self":[{"href":"https:\/\/www.messinaoggi.it\/website\/wp-json\/wp\/v2\/posts\/133321"}],"collection":[{"href":"https:\/\/www.messinaoggi.it\/website\/wp-json\/wp\/v2\/posts"}],"about":[{"href":"https:\/\/www.messinaoggi.it\/website\/wp-json\/wp\/v2\/types\/post"}],"author":[{"embeddable":true,"href":"https:\/\/www.messinaoggi.it\/website\/wp-json\/wp\/v2\/users\/15"}],"replies":[{"embeddable":true,"href":"https:\/\/www.messinaoggi.it\/website\/wp-json\/wp\/v2\/comments?post=133321"}],"version-history":[{"count":1,"href":"https:\/\/www.messinaoggi.it\/website\/wp-json\/wp\/v2\/posts\/133321\/revisions"}],"predecessor-version":[{"id":133322,"href":"https:\/\/www.messinaoggi.it\/website\/wp-json\/wp\/v2\/posts\/133321\/revisions\/133322"}],"wp:featuredmedia":[{"embeddable":true,"href":"https:\/\/www.messinaoggi.it\/website\/wp-json\/wp\/v2\/media\/75270"}],"wp:attachment":[{"href":"https:\/\/www.messinaoggi.it\/website\/wp-json\/wp\/v2\/media?parent=133321"}],"wp:term":[{"taxonomy":"category","embeddable":true,"href":"https:\/\/www.messinaoggi.it\/website\/wp-json\/wp\/v2\/categories?post=133321"},{"taxonomy":"post_tag","embeddable":true,"href":"https:\/\/www.messinaoggi.it\/website\/wp-json\/wp\/v2\/tags?post=133321"}],"curies":[{"name":"wp","href":"https:\/\/api.w.org\/{rel}","templated":true}]}}