{"id":133308,"date":"2022-12-08T09:07:50","date_gmt":"2022-12-08T08:07:50","guid":{"rendered":"https:\/\/www.messinaoggi.it\/website\/2022\/12\/08\/meloni-conte-chi-ci-accusa-di-fomentare-odio-fa-sciacallaggio\/"},"modified":"2022-12-08T09:38:47","modified_gmt":"2022-12-08T08:38:47","slug":"meloni-conte-chi-ci-accusa-di-fomentare-odio-fa-sciacallaggio","status":"publish","type":"post","link":"https:\/\/www.messinaoggi.it\/website\/2022\/12\/08\/meloni-conte-chi-ci-accusa-di-fomentare-odio-fa-sciacallaggio\/","title":{"rendered":"Meloni, Conte \u201cChi ci accusa di fomentare odio fa sciacallaggio\u201d"},"content":{"rendered":"<div>MILANO (ITALPRESS) &#8211; &#8220;Chi ci accusa \u00e8 in malafede. E&#8217; una polemica strumentale. Con il Movimento cerchiamo di interpretare il disagio delle persone e di offrire delle risposte. Il reddito di cittadinanza nasce da questa consapevolezza della necessit\u00e0 di un sistema di protezione sociale&#8221;. Lo dice il leader del Movimento 5 Stelle, Giuseppe Conte, intervistato dal Corriere della Sera in edicola oggi, reagendo alle polemiche nate dopo le minacce apparse sui social nei confronti della premier Giorgia Meloni. A proposito invede del Reddito di Cittadinanza, Conte ha spiegato che &#8220;smantellarlo significa aggravare la difficolt\u00e0, la frustrazione delle persone. Accusare noi di fomentare un clima d&#8217;odio \u00e8 un&#8217;azione di sciacallaggio che non ha neppure nessun fondamento logico&#8221;. &#8220;Meloni durante la mia presidenza us\u00f2 parole insultanti e forti nei miei confronti, lo stesso Crosetto le usa adesso. Meloni nei miei riguardi si \u00e8 espressa con un labiale che non \u00e8 mai stato chiarito. Veniamo insultati e addirittura ci vogliono imputare delle minacce. Mi sembra un meccanismo completamente capovolto&#8221; dice ancora l&#8217;ex premier. A proposito infine di un ipotetico incontro con Giorgia Meloni sulla manovra, Conte ha chiarito &#8220;Io incontro tutti, per\u00f2 mi sembra che questo governo abbia definito questa manovra e che sia orgogliosamente convinto di questi interventi, che ci porteranno in recessione. Non mi sembra ci siano finestre di dialogo&#8221;.(ITALPRESS).<div id=\"div-gpt-ad-Messinaoggi.it-DSK-300x250-corpoart\" style=\"text-align:center;margin:0 auto;\"><\/div><\/p>\n<p>Photo credits: www.agenziafotogramma.it<div id=\"videoincontent\" style=\"clear:both\";><\/div><\/p><\/div>\n","protected":false},"excerpt":{"rendered":"<p>MILANO (ITALPRESS) &#8211; &#8220;Chi ci accusa \u00e8 in malafede. E&#8217; una polemica strumentale. Con il Movimento cerchiamo di interpretare il disagio delle persone e di offrire delle risposte. Il reddito di cittadinanza nasce da questa consapevolezza della necessit\u00e0 di un sistema di protezione sociale&#8221;. Lo dice il leader del Movimento 5 Stelle, Giuseppe Conte, intervistato [&hellip;]<\/p>\n","protected":false},"author":18,"featured_media":133309,"comment_status":"closed","ping_status":"closed","sticky":false,"template":"","format":"standard","meta":{"ub_ctt_via":"","_mi_skip_tracking":false},"categories":[446,4],"tags":[783],"featured_image_src":"https:\/\/www.messinaoggi.it\/website\/wp-content\/uploads\/2022\/12\/20221208_0073.jpg","author_info":{"display_name":"Admin","author_link":"https:\/\/www.messinaoggi.it\/website\/author\/admin\/"},"digistream_id":0,"digistream":false,"_links":{"self":[{"href":"https:\/\/www.messinaoggi.it\/website\/wp-json\/wp\/v2\/posts\/133308"}],"collection":[{"href":"https:\/\/www.messinaoggi.it\/website\/wp-json\/wp\/v2\/posts"}],"about":[{"href":"https:\/\/www.messinaoggi.it\/website\/wp-json\/wp\/v2\/types\/post"}],"author":[{"embeddable":true,"href":"https:\/\/www.messinaoggi.it\/website\/wp-json\/wp\/v2\/users\/18"}],"replies":[{"embeddable":true,"href":"https:\/\/www.messinaoggi.it\/website\/wp-json\/wp\/v2\/comments?post=133308"}],"version-history":[{"count":1,"href":"https:\/\/www.messinaoggi.it\/website\/wp-json\/wp\/v2\/posts\/133308\/revisions"}],"predecessor-version":[{"id":133311,"href":"https:\/\/www.messinaoggi.it\/website\/wp-json\/wp\/v2\/posts\/133308\/revisions\/133311"}],"wp:featuredmedia":[{"embeddable":true,"href":"https:\/\/www.messinaoggi.it\/website\/wp-json\/wp\/v2\/media\/133309"}],"wp:attachment":[{"href":"https:\/\/www.messinaoggi.it\/website\/wp-json\/wp\/v2\/media?parent=133308"}],"wp:term":[{"taxonomy":"category","embeddable":true,"href":"https:\/\/www.messinaoggi.it\/website\/wp-json\/wp\/v2\/categories?post=133308"},{"taxonomy":"post_tag","embeddable":true,"href":"https:\/\/www.messinaoggi.it\/website\/wp-json\/wp\/v2\/tags?post=133308"}],"curies":[{"name":"wp","href":"https:\/\/api.w.org\/{rel}","templated":true}]}}