{"id":133284,"date":"2022-12-07T22:07:51","date_gmt":"2022-12-07T21:07:51","guid":{"rendered":"https:\/\/www.messinaoggi.it\/website\/2022\/12\/07\/conte-non-lasceremo-indietro-nessuno\/"},"modified":"2022-12-07T22:07:51","modified_gmt":"2022-12-07T21:07:51","slug":"conte-non-lasceremo-indietro-nessuno","status":"publish","type":"post","link":"https:\/\/www.messinaoggi.it\/website\/2022\/12\/07\/conte-non-lasceremo-indietro-nessuno\/","title":{"rendered":"Conte \u201cNon lasceremo indietro nessuno\u201d"},"content":{"rendered":"<div>MILANO (ITALPRESS) &#8211; &#8220;E&#8217; stato emozionante assistere alla Prima della Scala proprio qui a Milano, all&#8217;Opera Cardinal Ferrari, tra chi \u00e8 in difficolt\u00e0 economica e lotta ogni giorno per non vedere calpestata la propria dignit\u00e0. Gente che a parlar di Scala pensa a quella sociale &#8211; alla scala della propria vita, di cui spesso non riesce a salire neanche un gradino. Gente costretta a sbarcare il lunario giorno dopo giorno, dimenticata dalla Politica e dai suoi proclami. Nessuno deve rimanere lontano dai riflettori e fuori dalla scena, non esistono cittadini di serie A e B. Noi non lasceremo indietro nessuno&#8221;. Cos\u00ec su Facebook il presidente del M5S Giuseppe Conte.<div id=\"div-gpt-ad-Messinaoggi.it-DSK-300x250-corpoart\" style=\"text-align:center;margin:0 auto;\"><\/div><\/p>\n<p>&#8211; foto Agenziafotogramma.it &#8211;<div id=\"videoincontent\" style=\"clear:both\";><\/div><\/p>\n<p>(ITALPRESS).<\/p><\/div>\n","protected":false},"excerpt":{"rendered":"<p>MILANO (ITALPRESS) &#8211; &#8220;E&#8217; stato emozionante assistere alla Prima della Scala proprio qui a Milano, all&#8217;Opera Cardinal Ferrari, tra chi \u00e8 in difficolt\u00e0 economica e lotta ogni giorno per non vedere calpestata la propria dignit\u00e0. Gente che a parlar di Scala pensa a quella sociale &#8211; alla scala della propria vita, di cui spesso non [&hellip;]<\/p>\n","protected":false},"author":18,"featured_media":133285,"comment_status":"closed","ping_status":"closed","sticky":false,"template":"","format":"standard","meta":{"ub_ctt_via":"","_mi_skip_tracking":false},"categories":[446],"tags":[783],"featured_image_src":"https:\/\/www.messinaoggi.it\/website\/wp-content\/uploads\/2022\/12\/20221207_2370.jpg","author_info":{"display_name":"Admin","author_link":"https:\/\/www.messinaoggi.it\/website\/author\/admin\/"},"digistream_id":0,"digistream":false,"_links":{"self":[{"href":"https:\/\/www.messinaoggi.it\/website\/wp-json\/wp\/v2\/posts\/133284"}],"collection":[{"href":"https:\/\/www.messinaoggi.it\/website\/wp-json\/wp\/v2\/posts"}],"about":[{"href":"https:\/\/www.messinaoggi.it\/website\/wp-json\/wp\/v2\/types\/post"}],"author":[{"embeddable":true,"href":"https:\/\/www.messinaoggi.it\/website\/wp-json\/wp\/v2\/users\/18"}],"replies":[{"embeddable":true,"href":"https:\/\/www.messinaoggi.it\/website\/wp-json\/wp\/v2\/comments?post=133284"}],"version-history":[{"count":0,"href":"https:\/\/www.messinaoggi.it\/website\/wp-json\/wp\/v2\/posts\/133284\/revisions"}],"wp:featuredmedia":[{"embeddable":true,"href":"https:\/\/www.messinaoggi.it\/website\/wp-json\/wp\/v2\/media\/133285"}],"wp:attachment":[{"href":"https:\/\/www.messinaoggi.it\/website\/wp-json\/wp\/v2\/media?parent=133284"}],"wp:term":[{"taxonomy":"category","embeddable":true,"href":"https:\/\/www.messinaoggi.it\/website\/wp-json\/wp\/v2\/categories?post=133284"},{"taxonomy":"post_tag","embeddable":true,"href":"https:\/\/www.messinaoggi.it\/website\/wp-json\/wp\/v2\/tags?post=133284"}],"curies":[{"name":"wp","href":"https:\/\/api.w.org\/{rel}","templated":true}]}}