{"id":133282,"date":"2022-12-07T20:47:52","date_gmt":"2022-12-07T19:47:52","guid":{"rendered":"https:\/\/www.messinaoggi.it\/website\/2022\/12\/07\/natale-a-palermo-lagalla-accende-lalbero-in-piazza-politeama-sobrieta-e-ripartenza\/"},"modified":"2022-12-07T20:47:52","modified_gmt":"2022-12-07T19:47:52","slug":"natale-a-palermo-lagalla-accende-lalbero-in-piazza-politeama-sobrieta-e-ripartenza","status":"publish","type":"post","link":"https:\/\/www.messinaoggi.it\/website\/2022\/12\/07\/natale-a-palermo-lagalla-accende-lalbero-in-piazza-politeama-sobrieta-e-ripartenza\/","title":{"rendered":"Natale a Palermo, Lagalla accende l\u2019albero in piazza Politeama \u201cSobriet\u00e0 e ripartenza\u201d"},"content":{"rendered":"<div>\n<p>PALERMO (ITALPRESS) \u2013 Le prime luci di Natale illuminano la citt\u00e0 di Palermo. Due alberi posizionati nel centro cittadino, uno a piazza Politeama, l\u2019altro in via Crispi all\u2019altezza di via Amari, come simbolo di buon auspicio e ingresso delle festivit\u00e0 natalizie. Ma non solo anche le luminarie che illuminano via libert\u00e0. Il tutto grazie al contributo della Camera di Commercio, di Unioncamere e di tutte le associazioni di categoria nell\u2019ambito dell\u2019iniziativa \u2018I colori della ripresa, illuminano Palermo per il Natale 2022\u2019. Ad inaugurare la loro accensione il sindaco di Palermo, Roberto Lagalla: \u201cPalermo ha i suoi alberi e le sue luci e abbiamo illuminato anche lo Spasimo \u2013 ha detto il primo cittadino -. Vi saranno anche degli spettacoli natalizi offerte da Coldiretti e che si svolgeranno in tute le circoscrizioni della citt\u00e0. Non \u00e8 un Natale che si festeggia soltanto nel centro della citt\u00e0, ma \u00e8 un natale che riguarda tutti i palermitani che mi auguro poi possano accorrere alla festa del 31 dicembre che svolgeremo in piazza (l\u2019artista di punta dovrebbe essere Francesco Gabbani)\u201d. <br \/>Un albero completamente diverso da quelli degli ultimi anni che aveva suscitato anche alcune polemiche: \u201cNon \u00e8 spelacchiato come speriamo non sia spelacchiata questa amministrazione comunale \u2013 dice Lagalla sorridendo -. Stiamo cercando di lavorare con impegno e determinazione. E\u2019 un albero sobrio che richiama, insieme agli alberi pi\u00f9 piccoli che vi sono accanto, richiama tutti noi al rispetto e alla tutela della natura e dell\u2019ambiente. E\u2019 un albero consono al periodo che viviamo, che deve essere di sobriet\u00e0, impegno e ripresa. Il mio augurio \u00e8 che i palermitani possano essere nell\u2019anno che verr\u00e0 e a cominciare da questo Natale pi\u00f9 felici, pi\u00f9 collaboranti con questa citt\u00e0. Ieri ho ascoltato una bellissima omelia dell\u2019ordinario militare che ha fatto cenno a un trittico di parole a mio avviso molto importanti: il deserto, la consolazione e la gioia. Io spero che Palermo possa definitivamente passare dal deserto alla gioia, attraverso la consolazione e l\u2019impegno reciproco\u201d. <br \/>Il costo dell\u2019iniziativa, completamente a carico della Camera di Commercio, di Unioncamere e di tutte le associazioni di categoria, \u00e8 di 80 mila euro incluse le spese di consumo energetico: \u201cE\u2019 un modo per riaccendere la citt\u00e0 e la speranza dopo tre anni terribili, l\u2019albero \u00e8 un segnale di ripartenza importante, era dovuto \u2013 ha detto il Commissario Straordinario della Camera di Commercio di Palermo ed Enna, Alessandro Albanese -. Abbiamo voluto dare il segnale che le attivit\u00e0 produttive si occupano di tutti i quartieri, visto che accenderemo delle luminarie anche in altre zone\u201d.<br \/>foto xd6 Italpress<br \/>(ITALPRESS).<div id=\"div-gpt-ad-Messinaoggi.it-DSK-300x250-corpoart\" style=\"text-align:center;margin:0 auto;\"><\/div><\/p>\n<\/div>\n<div id=\"videoincontent\" style=\"clear:both\";><\/div>","protected":false},"excerpt":{"rendered":"<p>PALERMO (ITALPRESS) \u2013 Le prime luci di Natale illuminano la citt\u00e0 di Palermo. Due alberi posizionati nel centro cittadino, uno a piazza Politeama, l\u2019altro in via Crispi all\u2019altezza di via Amari, come simbolo di buon auspicio e ingresso delle festivit\u00e0 natalizie. Ma non solo anche le luminarie che illuminano via libert\u00e0. Il tutto grazie al [&hellip;]<\/p>\n","protected":false},"author":18,"featured_media":133283,"comment_status":"closed","ping_status":"closed","sticky":false,"template":"","format":"standard","meta":{"ub_ctt_via":"","_mi_skip_tracking":false},"categories":[2449],"tags":[783],"featured_image_src":"https:\/\/www.messinaoggi.it\/website\/wp-content\/uploads\/2022\/12\/20221207_2333.jpg","author_info":{"display_name":"Admin","author_link":"https:\/\/www.messinaoggi.it\/website\/author\/admin\/"},"digistream_id":0,"digistream":false,"_links":{"self":[{"href":"https:\/\/www.messinaoggi.it\/website\/wp-json\/wp\/v2\/posts\/133282"}],"collection":[{"href":"https:\/\/www.messinaoggi.it\/website\/wp-json\/wp\/v2\/posts"}],"about":[{"href":"https:\/\/www.messinaoggi.it\/website\/wp-json\/wp\/v2\/types\/post"}],"author":[{"embeddable":true,"href":"https:\/\/www.messinaoggi.it\/website\/wp-json\/wp\/v2\/users\/18"}],"replies":[{"embeddable":true,"href":"https:\/\/www.messinaoggi.it\/website\/wp-json\/wp\/v2\/comments?post=133282"}],"version-history":[{"count":0,"href":"https:\/\/www.messinaoggi.it\/website\/wp-json\/wp\/v2\/posts\/133282\/revisions"}],"wp:featuredmedia":[{"embeddable":true,"href":"https:\/\/www.messinaoggi.it\/website\/wp-json\/wp\/v2\/media\/133283"}],"wp:attachment":[{"href":"https:\/\/www.messinaoggi.it\/website\/wp-json\/wp\/v2\/media?parent=133282"}],"wp:term":[{"taxonomy":"category","embeddable":true,"href":"https:\/\/www.messinaoggi.it\/website\/wp-json\/wp\/v2\/categories?post=133282"},{"taxonomy":"post_tag","embeddable":true,"href":"https:\/\/www.messinaoggi.it\/website\/wp-json\/wp\/v2\/tags?post=133282"}],"curies":[{"name":"wp","href":"https:\/\/api.w.org\/{rel}","templated":true}]}}