{"id":133220,"date":"2022-12-07T16:17:53","date_gmt":"2022-12-07T15:17:53","guid":{"rendered":"https:\/\/www.messinaoggi.it\/website\/2022\/12\/07\/natale-allospedale-giglio-di-cefalu-ricco-programma-di-eventi\/"},"modified":"2022-12-07T16:17:53","modified_gmt":"2022-12-07T15:17:53","slug":"natale-allospedale-giglio-di-cefalu-ricco-programma-di-eventi","status":"publish","type":"post","link":"https:\/\/www.messinaoggi.it\/website\/2022\/12\/07\/natale-allospedale-giglio-di-cefalu-ricco-programma-di-eventi\/","title":{"rendered":"Natale all\u2019ospedale Giglio di Cefal\u00f9, ricco programma di eventi"},"content":{"rendered":"<div>\n<p>CEFALU\u2019 (PALERMO) (ITALPRESS) \u2013 Musica con concerti gospel, una corale, bande itineranti, zampognari, mostre di pittura, l\u2019immancabile babbo natale con gli elfi in corsia e un concorso per premiare l\u2019albero pi\u00f9 bello e la befana pi\u00f9 bella: questo \u00e8 il Natale alla Fondazione Giglio di Cefal\u00f9 in un vasto cartellone, organizzato dalla struttura sanitaria, per offrire ai propri pazienti momenti di allegria e gioiosit\u00e0.<br \/>\u201cIl Natale \u00e8 anche la festa della famiglia, dello stare insieme \u2013 sottolinea il presidente della Fondazione Giglio, Giovanni Albano \u2013 e chi si trova lontano, per ragioni di salute, dai propri affetti non pu\u00f2 vivere appieno questo momento. Cercheremo di colmare queste distanze stando ancora pi\u00f9 vicini ai nostri pazienti. Ringrazio la responsabile del servizio infermieristico, Stefania Vara, che ha coordinato la realizzazione del programma \u2013 aggiunge Albano \u2013 e tutto il personale del Giglio che si \u00e8 messo in gioco offrendo le proprie attitudini artistiche per organizzare i singoli eventi\u201d. <br \/>Tra questi c\u2019\u00e8 il concerto del 22 dicembre (ore 16) con la neonata Gigli\u00f2s Band e il coro dei Gigli\u00f2s Children. Negli appuntamenti di Natale anche la messa celebrata in ospedale, il 20 dicembre (ore 11), dal vescovo della Diocesi di Cefal\u00f9, Giuseppe Marciante che sar\u00e0 preceduta dall\u2019intitolazione della sala d\u2019attesa del pronto soccorso a monsignor Rosario Mazzola vescovo della stessa Diocesi dal 1988 al 2000.<br \/>Il Natale al Giglio non passer\u00e0 inosservato anche per i segni distintivi che il personale ha voluto indossare per portare un pizzico di allegria in corsia.<br \/>Il cartellone degli eventi \u201cBuon natale a voi qui con noi\u2026\u201d prender\u00e0 il via il 14 dicembre alle ore 15.30 con l\u2019inaugurazione della mostra pittorica di Giovanna Criscenti (Gio Cris) e la fotografia di Domenico Romano con l\u2019accensione dell\u2019albero e la presentazione di una canzone natalizia del Giglio. Tra gli appuntamenti il 21 dicembre (ore 15.30) il concerto della corale Maria Elisa Di Fatta dell\u2019Associazione Siciliana Musica per L\u2019Uomo, la premiazione del concorso \u201cGiovanni Crisoforo\u201d (22 dicembre), un monologo dell\u2019attore Alessandro Cassata (23 dicembre), il concerto gospel del gruppo \u201cRonald Hubbard Gospel Show\u201d offerto dal Castelbuono Jazz Winter (27 dicembre), il gruppo \u201cAmatori di Cefal\u00f9\u201d che porteranno in corsia, il 28 dicembre, \u201cla Ninnaredda\u201d musica della tradizione natalizia cefaludese e i concerti itineranti delle bande musicali di Cerda, Lascari e San Mauro Castelverde (28 dicembre). Si proseguir\u00e0 ancora con la tombola (29 dicembre), con il concerto della \u201cNew generation band\u201d di Campofelice di Roccella (3 gennaio), con il gruppo folk Trinacria (4 gennaio) per concludere il vasto programma il 5 gennaio con la premiazione del concorso \u201cBefana pi\u00f9 bella\u201d. Tutti gli appuntamenti si terranno nella hall di ingresso dell\u2019ospedale e sono stati offerti dagli artisti partecipanti.<br \/>foto Fondazione Giglio Cefal\u00f9, da sinistra Santina Pedevillano, Martina Bonanno, Giovanni Albano e Stefania Vara<br \/>(ITALPRESS).<div id=\"div-gpt-ad-Messinaoggi.it-DSK-300x250-corpoart\" style=\"text-align:center;margin:0 auto;\"><\/div><\/p>\n<\/div>\n<div id=\"videoincontent\" style=\"clear:both\";><\/div>","protected":false},"excerpt":{"rendered":"<p>CEFALU\u2019 (PALERMO) (ITALPRESS) \u2013 Musica con concerti gospel, una corale, bande itineranti, zampognari, mostre di pittura, l\u2019immancabile babbo natale con gli elfi in corsia e un concorso per premiare l\u2019albero pi\u00f9 bello e la befana pi\u00f9 bella: questo \u00e8 il Natale alla Fondazione Giglio di Cefal\u00f9 in un vasto cartellone, organizzato dalla struttura sanitaria, per [&hellip;]<\/p>\n","protected":false},"author":18,"featured_media":133221,"comment_status":"closed","ping_status":"closed","sticky":false,"template":"","format":"standard","meta":{"ub_ctt_via":"","_mi_skip_tracking":false},"categories":[2449],"tags":[783],"featured_image_src":"https:\/\/www.messinaoggi.it\/website\/wp-content\/uploads\/2022\/12\/20221207_1556.jpg","author_info":{"display_name":"Admin","author_link":"https:\/\/www.messinaoggi.it\/website\/author\/admin\/"},"digistream_id":0,"digistream":false,"_links":{"self":[{"href":"https:\/\/www.messinaoggi.it\/website\/wp-json\/wp\/v2\/posts\/133220"}],"collection":[{"href":"https:\/\/www.messinaoggi.it\/website\/wp-json\/wp\/v2\/posts"}],"about":[{"href":"https:\/\/www.messinaoggi.it\/website\/wp-json\/wp\/v2\/types\/post"}],"author":[{"embeddable":true,"href":"https:\/\/www.messinaoggi.it\/website\/wp-json\/wp\/v2\/users\/18"}],"replies":[{"embeddable":true,"href":"https:\/\/www.messinaoggi.it\/website\/wp-json\/wp\/v2\/comments?post=133220"}],"version-history":[{"count":0,"href":"https:\/\/www.messinaoggi.it\/website\/wp-json\/wp\/v2\/posts\/133220\/revisions"}],"wp:featuredmedia":[{"embeddable":true,"href":"https:\/\/www.messinaoggi.it\/website\/wp-json\/wp\/v2\/media\/133221"}],"wp:attachment":[{"href":"https:\/\/www.messinaoggi.it\/website\/wp-json\/wp\/v2\/media?parent=133220"}],"wp:term":[{"taxonomy":"category","embeddable":true,"href":"https:\/\/www.messinaoggi.it\/website\/wp-json\/wp\/v2\/categories?post=133220"},{"taxonomy":"post_tag","embeddable":true,"href":"https:\/\/www.messinaoggi.it\/website\/wp-json\/wp\/v2\/tags?post=133220"}],"curies":[{"name":"wp","href":"https:\/\/api.w.org\/{rel}","templated":true}]}}