{"id":133159,"date":"2022-12-07T10:28:54","date_gmt":"2022-12-07T09:28:54","guid":{"rendered":"http:\/\/www.messinaoggi.it\/website\/?p=133159"},"modified":"2022-12-07T10:28:55","modified_gmt":"2022-12-07T09:28:55","slug":"cutroni-zodda-galluzzo-volo-ha-preso-un-impegno","status":"publish","type":"post","link":"https:\/\/www.messinaoggi.it\/website\/2022\/12\/07\/cutroni-zodda-galluzzo-volo-ha-preso-un-impegno\/","title":{"rendered":"Cutroni Zodda, Galluzzo: &#8220;Volo ha preso un impegno&#8221;"},"content":{"rendered":"\n<p>\u00abL&#8217;Assessore regionale alla sanit\u00e0 Giovanna Volo, su mia esplicita richiesta, a seguito dell&#8217;intervento concluso in Commissione Salute, si \u00e8 impegnata a convocare nel breve tempo un tavolo tecnico per il futuro dell&#8217;Ospedale Cutroni Zodda di Barcellona alla presenza dei vertici dell&#8217;Azienda sanitaria provinciale di Messina, di tutti i sindaci del Distretto socio-sanitario 28 e della deputazione che rappresenta in tutte le sedi istituzionali il bacino di utenza dell&#8217;intero comprensorio\u00bb. <div id=\"div-gpt-ad-Messinaoggi.it-DSK-300x250-corpoart\" style=\"text-align:center;margin:0 auto;\"><\/div><\/p>\n\n\n\n<p>Ad annunciarlo \u00e8 il parlamentare di Fratelli d&#8217;Italia, l&#8217;On. <strong>Pino Galluzzo,<\/strong> al termine dell&#8217;intervento in Commissione riguardo i ritardi relativi alla riconversione del nosocomio della citt\u00e0 del Longano, cos\u00ec come disposto dalla rete ospedaliera. <div id=\"videoincontent\" style=\"clear:both\";><\/div><\/p>\n\n\n\n<p>\u00abIl mio impegno era quello di farmi portavoce delle istanze dei territori che ancora oggi attendono con la stessa urgenza di vedere tornare in funzione l&#8217;Ospedale attraverso la riattivazione del Pronto soccorso e dei reparti indispensabili all&#8217;emergenza-urgenza &#8211; continua l&#8217;On. Galluzzo -. Ringrazio l&#8217;Assessore Giovanna Volo per avere accolto la mia richiesta, che \u00e8 la stessa di un intero comprensorio che da tempo aspetta la riconversione del Covid Hospital di Barcellona a Presidio di base dopo l&#8217;affievolirsi dell&#8217;emergenza pandemica, dove l&#8217;Ospedale e tutto il personale sanitario operante a Barcellona ha svolto un lavoro immane, eroico e di grande professionalit\u00e0. Oggi si sente il bisogno e la necessit\u00e0 che con la stessa urgenza si ritorni a garantire quel diritto che molte volte non \u00e8 stato rispettato\u00bb<\/p>\n","protected":false},"excerpt":{"rendered":"<p>\u00abL&#8217;Assessore regionale alla sanit\u00e0 Giovanna Volo, su mia esplicita richiesta, a seguito dell&#8217;intervento concluso in Commissione Salute, si \u00e8 impegnata a convocare nel breve tempo un tavolo tecnico per il futuro dell&#8217;Ospedale Cutroni Zodda di Barcellona alla presenza dei vertici dell&#8217;Azienda sanitaria provinciale di Messina, di tutti i sindaci del Distretto socio-sanitario 28 e della [&hellip;]<\/p>\n","protected":false},"author":15,"featured_media":130453,"comment_status":"open","ping_status":"open","sticky":false,"template":"","format":"standard","meta":{"ub_ctt_via":"","_mi_skip_tracking":false},"categories":[4],"tags":[2651,3752,851,5826],"featured_image_src":"https:\/\/www.messinaoggi.it\/website\/wp-content\/uploads\/2022\/11\/Galluzzo.jpg","author_info":{"display_name":"red.me","author_link":"https:\/\/www.messinaoggi.it\/website\/author\/red-me\/"},"digistream_id":0,"digistream":false,"_links":{"self":[{"href":"https:\/\/www.messinaoggi.it\/website\/wp-json\/wp\/v2\/posts\/133159"}],"collection":[{"href":"https:\/\/www.messinaoggi.it\/website\/wp-json\/wp\/v2\/posts"}],"about":[{"href":"https:\/\/www.messinaoggi.it\/website\/wp-json\/wp\/v2\/types\/post"}],"author":[{"embeddable":true,"href":"https:\/\/www.messinaoggi.it\/website\/wp-json\/wp\/v2\/users\/15"}],"replies":[{"embeddable":true,"href":"https:\/\/www.messinaoggi.it\/website\/wp-json\/wp\/v2\/comments?post=133159"}],"version-history":[{"count":1,"href":"https:\/\/www.messinaoggi.it\/website\/wp-json\/wp\/v2\/posts\/133159\/revisions"}],"predecessor-version":[{"id":133160,"href":"https:\/\/www.messinaoggi.it\/website\/wp-json\/wp\/v2\/posts\/133159\/revisions\/133160"}],"wp:featuredmedia":[{"embeddable":true,"href":"https:\/\/www.messinaoggi.it\/website\/wp-json\/wp\/v2\/media\/130453"}],"wp:attachment":[{"href":"https:\/\/www.messinaoggi.it\/website\/wp-json\/wp\/v2\/media?parent=133159"}],"wp:term":[{"taxonomy":"category","embeddable":true,"href":"https:\/\/www.messinaoggi.it\/website\/wp-json\/wp\/v2\/categories?post=133159"},{"taxonomy":"post_tag","embeddable":true,"href":"https:\/\/www.messinaoggi.it\/website\/wp-json\/wp\/v2\/tags?post=133159"}],"curies":[{"name":"wp","href":"https:\/\/api.w.org\/{rel}","templated":true}]}}