{"id":133150,"date":"2022-12-07T09:07:51","date_gmt":"2022-12-07T08:07:51","guid":{"rendered":"https:\/\/www.messinaoggi.it\/website\/2022\/12\/07\/famiglia-roccella-assegno-unico-per-tutti-non-sara-legato-allisee\/"},"modified":"2022-12-07T09:11:52","modified_gmt":"2022-12-07T08:11:52","slug":"famiglia-roccella-assegno-unico-per-tutti-non-sara-legato-allisee","status":"publish","type":"post","link":"https:\/\/www.messinaoggi.it\/website\/2022\/12\/07\/famiglia-roccella-assegno-unico-per-tutti-non-sara-legato-allisee\/","title":{"rendered":"Famiglia, Roccella \u201cAssegno unico per tutti, non sar\u00e0 legato all\u2019Isee\u201d"},"content":{"rendered":"<div>ROMA (ITALPRESS) &#8211; &#8220;In una prima fase transitoria si tratter\u00e0 di rivedere alcuni criteri, soprattutto in ambito patrimoniale, per renderli pi\u00f9 aderenti ai reali fabbisogni delle famiglie. Ma l&#8217;obiettivo di pi\u00f9 ampia portata \u00e8 sganciare la determinazione dell&#8217;assegno unico dall&#8217;Isee, farlo diventare uno strumento davvero universalistico&#8221;. Lo afferma Eugenia Roccella, ministra per la Famiglia, la Natalit\u00e0 e le Pari Opportunit\u00e0, in un&#8217;intervista al &#8220;Messaggero&#8221;. &#8220;L&#8217;assegno unico &#8211; dice Roccella &#8211; \u00e8 stato un&#8217;innovazione positiva. Ha per\u00f2 diversi difetti. Per esempio penalizza proprio le famiglie numerose, e non a caso le domande sono state meno del previsto. Nella manovra abbiamo dato un primo segnale. La strada \u00e8 intrapresa e abbiamo gi\u00e0 avviato il lavoro per correggere strutturalmente ci\u00f2 che non va&#8221;.<br \/>\nIn ogni caso, aggiunge, &#8220;il &#8216;pacchetto famigli\u00e0&#8221; nella legge di bilancio &#8220;\u00e8 un inizio significativo. Stiamo attraversando una delle peggiori crisi dal dopoguerra e la prima cosa che abbiamo dovuto fare per le famiglie \u00e8 stato aiutarle a fronteggiare il caro bollette&#8221;. Ma &#8220;con tempi e vincoli di spesa strettissimi abbiamo messo in campo una cifra consistente e soprattutto provvedimenti-ponte che superano la logica dei bonus e preludono a riforme strutturali&#8221;.<br \/>\nCi sono poi &#8220;interventi sull&#8217;Iva per i beni della prima infanzia, sulla decontribuzione per giovani e donne, sui mutui agevolati, sull&#8217;allungamento dei congedi, sulla carta risparmio. Sull&#8217;assegno unico, oltre agli incrementi gi\u00e0 previsti, vorremmo dare se possibile fin da subito un ulteriore segnale di attenzione alle famiglie numerose, quelle con quattro figli e pi\u00f9, cosa che ovviamente &#8211; conclude la ministra &#8211; dipender\u00e0 dalle verifiche di bilancio in Parlamento&#8221;.<div id=\"div-gpt-ad-Messinaoggi.it-DSK-300x250-corpoart\" style=\"text-align:center;margin:0 auto;\"><\/div><\/p>\n<p>&#8211; foto agenziafotogramma.it &#8211;<br \/>\n(ITALPRESS).<div id=\"videoincontent\" style=\"clear:both\";><\/div><\/p><\/div>\n","protected":false},"excerpt":{"rendered":"<p>ROMA (ITALPRESS) &#8211; &#8220;In una prima fase transitoria si tratter\u00e0 di rivedere alcuni criteri, soprattutto in ambito patrimoniale, per renderli pi\u00f9 aderenti ai reali fabbisogni delle famiglie. Ma l&#8217;obiettivo di pi\u00f9 ampia portata \u00e8 sganciare la determinazione dell&#8217;assegno unico dall&#8217;Isee, farlo diventare uno strumento davvero universalistico&#8221;. Lo afferma Eugenia Roccella, ministra per la Famiglia, la [&hellip;]<\/p>\n","protected":false},"author":18,"featured_media":133151,"comment_status":"closed","ping_status":"closed","sticky":false,"template":"","format":"standard","meta":{"ub_ctt_via":"","_mi_skip_tracking":false},"categories":[446,4],"tags":[783],"featured_image_src":"https:\/\/www.messinaoggi.it\/website\/wp-content\/uploads\/2022\/12\/20221207_0085.jpg","author_info":{"display_name":"Admin","author_link":"https:\/\/www.messinaoggi.it\/website\/author\/admin\/"},"digistream_id":0,"digistream":false,"_links":{"self":[{"href":"https:\/\/www.messinaoggi.it\/website\/wp-json\/wp\/v2\/posts\/133150"}],"collection":[{"href":"https:\/\/www.messinaoggi.it\/website\/wp-json\/wp\/v2\/posts"}],"about":[{"href":"https:\/\/www.messinaoggi.it\/website\/wp-json\/wp\/v2\/types\/post"}],"author":[{"embeddable":true,"href":"https:\/\/www.messinaoggi.it\/website\/wp-json\/wp\/v2\/users\/18"}],"replies":[{"embeddable":true,"href":"https:\/\/www.messinaoggi.it\/website\/wp-json\/wp\/v2\/comments?post=133150"}],"version-history":[{"count":1,"href":"https:\/\/www.messinaoggi.it\/website\/wp-json\/wp\/v2\/posts\/133150\/revisions"}],"predecessor-version":[{"id":133153,"href":"https:\/\/www.messinaoggi.it\/website\/wp-json\/wp\/v2\/posts\/133150\/revisions\/133153"}],"wp:featuredmedia":[{"embeddable":true,"href":"https:\/\/www.messinaoggi.it\/website\/wp-json\/wp\/v2\/media\/133151"}],"wp:attachment":[{"href":"https:\/\/www.messinaoggi.it\/website\/wp-json\/wp\/v2\/media?parent=133150"}],"wp:term":[{"taxonomy":"category","embeddable":true,"href":"https:\/\/www.messinaoggi.it\/website\/wp-json\/wp\/v2\/categories?post=133150"},{"taxonomy":"post_tag","embeddable":true,"href":"https:\/\/www.messinaoggi.it\/website\/wp-json\/wp\/v2\/tags?post=133150"}],"curies":[{"name":"wp","href":"https:\/\/api.w.org\/{rel}","templated":true}]}}