{"id":13313,"date":"2017-12-19T10:46:43","date_gmt":"2017-12-19T09:46:43","guid":{"rendered":"http:\/\/www.messinaoggi.it\/website\/?p=13313"},"modified":"2017-12-19T10:46:43","modified_gmt":"2017-12-19T09:46:43","slug":"natale-a-piazza-cairoli-grande-attesa-per-il-concerto-di-francesco-sarcina","status":"publish","type":"post","link":"https:\/\/www.messinaoggi.it\/website\/2017\/12\/19\/natale-a-piazza-cairoli-grande-attesa-per-il-concerto-di-francesco-sarcina\/","title":{"rendered":"Natale a piazza Cairoli: grande attesa per il concerto di Francesco Sarcina"},"content":{"rendered":"<p>C\u2019\u00e8 grande attesa per il concerto di Francesco Sarcina, front men della storica band \u201cLe Vibrazioni\u201d. L\u2019artista si esibir\u00e0 domani sera a partire dalla 21. Quello di domani sera \u00e8 uno degli ultimi concerti di Sarcina come solista dal momento che la band milanese s\u2019\u00e8 appena ricostituita e parteciper\u00e0 al prossimo Festival della canzone di Sanremo. Intanto, ieri s\u2019\u00e8 chiuso il terzo giorno di rassegna al Laboratorio Artigianale del Gusto, dove l\u2019ospite del giorno \u00e8 stato lo chef-pasticcere Lillo Vinci. Lo chef Freni ha presentato in esclusiva il proprio cavallo di battaglia, il torrone gelato fatto in modo tradizionale, un prodotto che molto presto sar\u00e0 pubblicizzato in diretta nazionale, in una puntata della trasmissione Geo e Geo su Rai 3. \u201c\u0116 un dolce tipico natalizio messinese, io adopero canditi, pistacchi e nocciole di qualit\u00e0. In molti ritengono che sia un prodotto pieno di zucchero, non \u00e8 affatto cos\u00ec, c\u2019\u00e8 meno zucchero che in un gelato alla fragola\u201d. Lo chef Freni ha servito anche quattro tipologie del panettone di propria produzione: Vino Faro e gianduia, malvasia e pistacchio, vino mamertino doc e amarena e naturalmente l\u2019inimitabile tradizionale.<br \/>\n<img loading=\"lazy\" class=\"size-medium wp-image-13314 alignright\" src=\"http:\/\/www.messinaoggi.it\/website\/wp-content\/uploads\/2017\/12\/IMG_2532-300x200.jpg\" alt=\"\" width=\"300\" height=\"200\" \/>A fare da mattatore della serata il sommelier, Roberto Raciti che al torrone ha abbinato un ottimo passito delle Cantine Patria, mentre al panettone ha abbinato l\u2019amaro dell&#8217;Etna. Un connubio che ha entusiasmato i palati dei cittadini presenti ma anche dei componenti del tavolo della giuria, come lo chef Katia Zangh\u00ed, il capo area della Martini-Bacardi, Rosario Urz\u00ed, il segretario generale della UIL, Ivan Tripodi,la responsabile dell&#8217;area socioculturale della Confcommercio, Sabrina Assenzio, il componente del consiglio nazionale della Fima, Angelo Di Bartolo e il presidente di Confcommercio, Carmelo Picciotto. Quest\u2019ultimo ha parlato dell\u2019evento musicale che si terra mercoled\u00ed sera, il concerto di Francesco Sarcina, voce de Le Vibrazioni: \u201cSono l&#8217;unico gruppo ad aver riempito il Palacultura qualche anno fa. Sarcina sar\u00e0 al Festival di Sanremo e lo avremo qui a Messina a piazza Cairoli\u201d.<br \/>\n<strong>Programma 19 dicembre <\/strong><br \/>\n<strong>Ore 17.00<\/strong> &#8211; Padiglione socioculturale-L&#8217;associazione Piskea promuove oggetti creati da persone diversamente abili. A presentarli saranno i ragazzi dell\u2019Accademia musica!e Lizard. <strong>Ore 18,00<\/strong> &#8211; Inaugurazione pista da ghiaccio<br \/>\n<strong>Ore 19,00<\/strong> &#8211; Laboratorio Artiginale del Gusto, lo chef Bonazinga della pasticceria Panebianco proporr\u00e0 il tipico cannolo siciliano, ma anche un piatto salato.<br \/>\n<strong>Ore 21,00<\/strong> \u2013 Concerto del Trio \u201cZancle\u201d, musicisti siciliani, insegnanti dell&#8217;Accademia Lizard.<div id=\"div-gpt-ad-Messinaoggi.it-DSK-300x250-corpoart\" style=\"text-align:center;margin:0 auto;\"><\/div><\/p>\n<div id=\"videoincontent\" style=\"clear:both\";><\/div>","protected":false},"excerpt":{"rendered":"<p>C\u2019\u00e8 grande attesa per il concerto di Francesco Sarcina, front men della storica band \u201cLe Vibrazioni\u201d. L\u2019artista si esibir\u00e0 domani sera a partire dalla 21. Quello di domani sera \u00e8 uno degli ultimi concerti di Sarcina come solista dal momento che la band milanese s\u2019\u00e8 appena ricostituita e parteciper\u00e0 al prossimo Festival della canzone di [&hellip;]<\/p>\n","protected":false},"author":2,"featured_media":13244,"comment_status":"closed","ping_status":"open","sticky":false,"template":"","format":"standard","meta":{"ub_ctt_via":"","_mi_skip_tracking":false},"categories":[5],"tags":[],"featured_image_src":"https:\/\/www.messinaoggi.it\/website\/wp-content\/uploads\/2017\/12\/Francesco-Sarcina.jpg","author_info":{"display_name":"Redazione","author_link":"https:\/\/www.messinaoggi.it\/website\/author\/redazione\/"},"digistream_id":0,"digistream":false,"_links":{"self":[{"href":"https:\/\/www.messinaoggi.it\/website\/wp-json\/wp\/v2\/posts\/13313"}],"collection":[{"href":"https:\/\/www.messinaoggi.it\/website\/wp-json\/wp\/v2\/posts"}],"about":[{"href":"https:\/\/www.messinaoggi.it\/website\/wp-json\/wp\/v2\/types\/post"}],"author":[{"embeddable":true,"href":"https:\/\/www.messinaoggi.it\/website\/wp-json\/wp\/v2\/users\/2"}],"replies":[{"embeddable":true,"href":"https:\/\/www.messinaoggi.it\/website\/wp-json\/wp\/v2\/comments?post=13313"}],"version-history":[{"count":0,"href":"https:\/\/www.messinaoggi.it\/website\/wp-json\/wp\/v2\/posts\/13313\/revisions"}],"wp:featuredmedia":[{"embeddable":true,"href":"https:\/\/www.messinaoggi.it\/website\/wp-json\/wp\/v2\/media\/13244"}],"wp:attachment":[{"href":"https:\/\/www.messinaoggi.it\/website\/wp-json\/wp\/v2\/media?parent=13313"}],"wp:term":[{"taxonomy":"category","embeddable":true,"href":"https:\/\/www.messinaoggi.it\/website\/wp-json\/wp\/v2\/categories?post=13313"},{"taxonomy":"post_tag","embeddable":true,"href":"https:\/\/www.messinaoggi.it\/website\/wp-json\/wp\/v2\/tags?post=13313"}],"curies":[{"name":"wp","href":"https:\/\/api.w.org\/{rel}","templated":true}]}}