{"id":13299,"date":"2017-12-19T08:34:00","date_gmt":"2017-12-19T07:34:00","guid":{"rendered":"http:\/\/www.messinaoggi.it\/website\/?p=13299"},"modified":"2017-12-19T08:34:00","modified_gmt":"2017-12-19T07:34:00","slug":"riqualificazione-periferie-firmata-la-convenzione-in-arrivo-44-milioni-per-il-nostro-territorio","status":"publish","type":"post","link":"https:\/\/www.messinaoggi.it\/website\/2017\/12\/19\/riqualificazione-periferie-firmata-la-convenzione-in-arrivo-44-milioni-per-il-nostro-territorio\/","title":{"rendered":"Riqualificazione periferie: in arrivo 44 milioni di euro"},"content":{"rendered":"<p style=\"text-align: justify;\">Tutti i particolari dovrebbero essere snocciolati in una conferenza stampa che si terr\u00e0 domani alle 10, ma intanto la Citt\u00e0 Metropolitana di Messina ricever\u00e0 40 milioni di euro da poter investire sul territorio, per la riqualificazione urbana delle periferie.<div id=\"div-gpt-ad-Messinaoggi.it-DSK-300x250-corpoart\" style=\"text-align:center;margin:0 auto;\"><\/div><\/p>\n<p style=\"text-align: justify;\">Ieri, a Palazzo Chigi, il commissario dell\u2019ente, Francesco Calanna, ha firmato la convenzione che di fatto da il l\u00e0 al finanziamento.<div id=\"videoincontent\" style=\"clear:both\";><\/div><\/p>\n<p style=\"text-align: justify;\">Erano presenti in 90 tra Comuni capoluogo, Citt\u00e0 Metropolitane, rappresentanti dell\u2019Ance e anche il presidente del Consiglio dei Ministri, Paolo Gentiloni; 44 i progetti che riguardano il nostro territorio, tra Messina citt\u00e0 e provincia, cio\u00e8 quelli ritenuti meritevoli di finanziamento rispetto ai 98 presentati a fronte di 82 milioni di euro richiesti.<\/p>\n","protected":false},"excerpt":{"rendered":"<p>Tutti i particolari dovrebbero essere snocciolati in una conferenza stampa che si terr\u00e0 domani alle 10, ma intanto la Citt\u00e0 Metropolitana di Messina ricever\u00e0 40 milioni di euro da poter investire sul territorio, per la riqualificazione urbana delle periferie. Ieri, a Palazzo Chigi, il commissario dell\u2019ente, Francesco Calanna, ha firmato la convenzione che di fatto [&hellip;]<\/p>\n","protected":false},"author":2,"featured_media":13301,"comment_status":"closed","ping_status":"open","sticky":false,"template":"","format":"standard","meta":{"ub_ctt_via":"","_mi_skip_tracking":false},"categories":[4],"tags":[],"featured_image_src":"https:\/\/www.messinaoggi.it\/website\/wp-content\/uploads\/2017\/12\/calanna-1.jpg","author_info":{"display_name":"Redazione","author_link":"https:\/\/www.messinaoggi.it\/website\/author\/redazione\/"},"digistream_id":0,"digistream":false,"_links":{"self":[{"href":"https:\/\/www.messinaoggi.it\/website\/wp-json\/wp\/v2\/posts\/13299"}],"collection":[{"href":"https:\/\/www.messinaoggi.it\/website\/wp-json\/wp\/v2\/posts"}],"about":[{"href":"https:\/\/www.messinaoggi.it\/website\/wp-json\/wp\/v2\/types\/post"}],"author":[{"embeddable":true,"href":"https:\/\/www.messinaoggi.it\/website\/wp-json\/wp\/v2\/users\/2"}],"replies":[{"embeddable":true,"href":"https:\/\/www.messinaoggi.it\/website\/wp-json\/wp\/v2\/comments?post=13299"}],"version-history":[{"count":0,"href":"https:\/\/www.messinaoggi.it\/website\/wp-json\/wp\/v2\/posts\/13299\/revisions"}],"wp:featuredmedia":[{"embeddable":true,"href":"https:\/\/www.messinaoggi.it\/website\/wp-json\/wp\/v2\/media\/13301"}],"wp:attachment":[{"href":"https:\/\/www.messinaoggi.it\/website\/wp-json\/wp\/v2\/media?parent=13299"}],"wp:term":[{"taxonomy":"category","embeddable":true,"href":"https:\/\/www.messinaoggi.it\/website\/wp-json\/wp\/v2\/categories?post=13299"},{"taxonomy":"post_tag","embeddable":true,"href":"https:\/\/www.messinaoggi.it\/website\/wp-json\/wp\/v2\/tags?post=13299"}],"curies":[{"name":"wp","href":"https:\/\/api.w.org\/{rel}","templated":true}]}}