{"id":132887,"date":"2022-12-05T12:07:52","date_gmt":"2022-12-05T11:07:52","guid":{"rendered":"https:\/\/www.messinaoggi.it\/website\/2022\/12\/05\/le-figlie-pele-e-in-cura-non-e-a-rischio\/"},"modified":"2022-12-05T12:07:52","modified_gmt":"2022-12-05T11:07:52","slug":"le-figlie-pele-e-in-cura-non-e-a-rischio","status":"publish","type":"post","link":"https:\/\/www.messinaoggi.it\/website\/2022\/12\/05\/le-figlie-pele-e-in-cura-non-e-a-rischio\/","title":{"rendered":"Le figlie \u201cPel\u00e9 \u00e8 in cura, non \u00e8 a rischio\u201d"},"content":{"rendered":"<div>SAN PAOLO (BRASILE) (ITALPRESS) &#8211; Pel\u00e9 &#8220;\u00e8 in cura, non \u00e8 a rischio&#8221;. A rassicurare i tanti tifosi di O Rei, sparsi in Brasile e nel resto del Mondo, ci hanno pensato due delle sue figlie, che hanno smentito le notizie allarmanti circa le condizioni fisiche del padre. &#8220;E&#8217; malato, \u00e8 anziano, al momento \u00e8 ricoverato in ospedale per un&#8217;infezione polmonare. Quando star\u00e0 meglio torner\u00e0 a casa&#8221;, ha dichiarato Kely Nascimento, ai microfoni del canale tv Globo. &#8220;Pap\u00e0 non \u00e8 nel reparto di terapia intensiva: si trova in una stanza normale. E&#8217; in cura, non \u00e8 a rischio&#8221;, ha spiegato poi la sorella Flavia Arantes.<br \/>\nTanto il bollettino medico diffuso sabato dall&#8217;ospedale Albert Einstein, quanto ora due sue figlie hanno, quindi, smontato la notizia diffusa dal quotidiano &#8220;Folha de Sao Paulo&#8221;, che aveva parlato di un Pel\u00e9 che non rispondeva pi\u00f9 al trattamento chemioterapico, trasferito nel reparto di terapia intensiva e sottoposto a curve palliative.<br \/>\n&#8211; foto Image &#8211;<br \/>\n(ITALPRESS).<\/div>\n<div id=\"div-gpt-ad-Messinaoggi.it-DSK-300x250-corpoart\" style=\"text-align:center;margin:0 auto;\"><\/div><\/p><div id=\"videoincontent\" style=\"clear:both\";><\/div>","protected":false},"excerpt":{"rendered":"<p>SAN PAOLO (BRASILE) (ITALPRESS) &#8211; Pel\u00e9 &#8220;\u00e8 in cura, non \u00e8 a rischio&#8221;. A rassicurare i tanti tifosi di O Rei, sparsi in Brasile e nel resto del Mondo, ci hanno pensato due delle sue figlie, che hanno smentito le notizie allarmanti circa le condizioni fisiche del padre. &#8220;E&#8217; malato, \u00e8 anziano, al momento \u00e8 [&hellip;]<\/p>\n","protected":false},"author":18,"featured_media":132888,"comment_status":"closed","ping_status":"closed","sticky":false,"template":"","format":"standard","meta":{"ub_ctt_via":"","_mi_skip_tracking":false},"categories":[446],"tags":[783],"featured_image_src":"https:\/\/www.messinaoggi.it\/website\/wp-content\/uploads\/2022\/12\/20221205_0332.jpg","author_info":{"display_name":"Admin","author_link":"https:\/\/www.messinaoggi.it\/website\/author\/admin\/"},"digistream_id":0,"digistream":false,"_links":{"self":[{"href":"https:\/\/www.messinaoggi.it\/website\/wp-json\/wp\/v2\/posts\/132887"}],"collection":[{"href":"https:\/\/www.messinaoggi.it\/website\/wp-json\/wp\/v2\/posts"}],"about":[{"href":"https:\/\/www.messinaoggi.it\/website\/wp-json\/wp\/v2\/types\/post"}],"author":[{"embeddable":true,"href":"https:\/\/www.messinaoggi.it\/website\/wp-json\/wp\/v2\/users\/18"}],"replies":[{"embeddable":true,"href":"https:\/\/www.messinaoggi.it\/website\/wp-json\/wp\/v2\/comments?post=132887"}],"version-history":[{"count":0,"href":"https:\/\/www.messinaoggi.it\/website\/wp-json\/wp\/v2\/posts\/132887\/revisions"}],"wp:featuredmedia":[{"embeddable":true,"href":"https:\/\/www.messinaoggi.it\/website\/wp-json\/wp\/v2\/media\/132888"}],"wp:attachment":[{"href":"https:\/\/www.messinaoggi.it\/website\/wp-json\/wp\/v2\/media?parent=132887"}],"wp:term":[{"taxonomy":"category","embeddable":true,"href":"https:\/\/www.messinaoggi.it\/website\/wp-json\/wp\/v2\/categories?post=132887"},{"taxonomy":"post_tag","embeddable":true,"href":"https:\/\/www.messinaoggi.it\/website\/wp-json\/wp\/v2\/tags?post=132887"}],"curies":[{"name":"wp","href":"https:\/\/api.w.org\/{rel}","templated":true}]}}