{"id":132873,"date":"2022-12-05T10:09:51","date_gmt":"2022-12-05T09:09:51","guid":{"rendered":"https:\/\/www.messinaoggi.it\/website\/2022\/12\/05\/ucraina-papa-francesco-con-la-guerra-siamo-tutti-sconfitti\/"},"modified":"2022-12-05T11:08:49","modified_gmt":"2022-12-05T10:08:49","slug":"ucraina-papa-francesco-con-la-guerra-siamo-tutti-sconfitti","status":"publish","type":"post","link":"https:\/\/www.messinaoggi.it\/website\/2022\/12\/05\/ucraina-papa-francesco-con-la-guerra-siamo-tutti-sconfitti\/","title":{"rendered":"Ucraina, Papa Francesco \u201cCon la guerra siamo tutti sconfitti\u201d"},"content":{"rendered":"<div>ROMA (ITALPRESS) &#8211; &#8220;La guerra in Ucraina, gi\u00e0 alla vigilia del suo inizio, ha interrogato ciascuno di noi. Perch\u00e8 \u00e8 arrivato l&#8217;orrore di questo conflitto insensato e blasfemo, come lo \u00e8 ogni guerra? Possiamo parlare con sicurezza di una guerra giusta? Possiamo parlare con sicurezza di una guerra santa?  A quante altre tragedie dovremo assistere prima che tutti coloro che sono coinvolti in ogni guerra comprendano che questa \u00e8 unicamente una strada di morte che illude soltanto alcuni di essere i vincitori? Perch\u00e8 sia chiaro: con la guerra siamo tutti sconfitti. Anche coloro che non vi hanno preso parte e che, nell&#8217;indifferenza vigliacca, sono rimasti a guardare questo orrore senza intervenire per portare la pace. Tutti noi, in qualsiasi ruolo, abbiamo il dovere di essere uomini di pace. Nessuno escluso&#8221;. Cos\u00ec Papa Francesco nell&#8217;introduzione al libro &#8220;Un&#8217;enciclica sulla pace in Ucraina&#8221;, di cui il Corriere della Sera pubblica uno stralcio. &#8220;Mentre continuiamo a pregare insistentemente per la pace in Ucraina, non dobbiamo abituarci a questa come a nessun&#8217;altra guerra. Non dobbiamo, per nessuna ragione al mondo, assuefarci davanti a tutto ci\u00f2, quasi dando per scontata questa terza guerra mondiale a pezzi che \u00e8 drammaticamente diventata, sotto i nostri occhi, una terza guerra mondiale totale. Preghiamo per la pace! Lavoriamo per la pace!&#8221;, conclude il Santo Padre.<br \/>(ITALPRESS).<br \/>-foto-agenziafotogramma.it-<\/div>\n<div id=\"div-gpt-ad-Messinaoggi.it-DSK-300x250-corpoart\" style=\"text-align:center;margin:0 auto;\"><\/div><\/p><div id=\"videoincontent\" style=\"clear:both\";><\/div>","protected":false},"excerpt":{"rendered":"<p>ROMA (ITALPRESS) &#8211; &#8220;La guerra in Ucraina, gi\u00e0 alla vigilia del suo inizio, ha interrogato ciascuno di noi. Perch\u00e8 \u00e8 arrivato l&#8217;orrore di questo conflitto insensato e blasfemo, come lo \u00e8 ogni guerra? Possiamo parlare con sicurezza di una guerra giusta? Possiamo parlare con sicurezza di una guerra santa? A quante altre tragedie dovremo assistere [&hellip;]<\/p>\n","protected":false},"author":18,"featured_media":132874,"comment_status":"closed","ping_status":"closed","sticky":false,"template":"","format":"standard","meta":{"ub_ctt_via":"","_mi_skip_tracking":false},"categories":[446,6],"tags":[783],"featured_image_src":"https:\/\/www.messinaoggi.it\/website\/wp-content\/uploads\/2022\/12\/20221205_0204.jpg","author_info":{"display_name":"Admin","author_link":"https:\/\/www.messinaoggi.it\/website\/author\/admin\/"},"digistream_id":0,"digistream":false,"_links":{"self":[{"href":"https:\/\/www.messinaoggi.it\/website\/wp-json\/wp\/v2\/posts\/132873"}],"collection":[{"href":"https:\/\/www.messinaoggi.it\/website\/wp-json\/wp\/v2\/posts"}],"about":[{"href":"https:\/\/www.messinaoggi.it\/website\/wp-json\/wp\/v2\/types\/post"}],"author":[{"embeddable":true,"href":"https:\/\/www.messinaoggi.it\/website\/wp-json\/wp\/v2\/users\/18"}],"replies":[{"embeddable":true,"href":"https:\/\/www.messinaoggi.it\/website\/wp-json\/wp\/v2\/comments?post=132873"}],"version-history":[{"count":1,"href":"https:\/\/www.messinaoggi.it\/website\/wp-json\/wp\/v2\/posts\/132873\/revisions"}],"predecessor-version":[{"id":132878,"href":"https:\/\/www.messinaoggi.it\/website\/wp-json\/wp\/v2\/posts\/132873\/revisions\/132878"}],"wp:featuredmedia":[{"embeddable":true,"href":"https:\/\/www.messinaoggi.it\/website\/wp-json\/wp\/v2\/media\/132874"}],"wp:attachment":[{"href":"https:\/\/www.messinaoggi.it\/website\/wp-json\/wp\/v2\/media?parent=132873"}],"wp:term":[{"taxonomy":"category","embeddable":true,"href":"https:\/\/www.messinaoggi.it\/website\/wp-json\/wp\/v2\/categories?post=132873"},{"taxonomy":"post_tag","embeddable":true,"href":"https:\/\/www.messinaoggi.it\/website\/wp-json\/wp\/v2\/tags?post=132873"}],"curies":[{"name":"wp","href":"https:\/\/api.w.org\/{rel}","templated":true}]}}