{"id":132852,"date":"2022-12-05T10:07:51","date_gmt":"2022-12-05T09:07:51","guid":{"rendered":"https:\/\/www.messinaoggi.it\/website\/2022\/12\/05\/covid-schillaci-non-rimetteremo-lobbligo-vaccinale\/"},"modified":"2022-12-05T10:27:45","modified_gmt":"2022-12-05T09:27:45","slug":"covid-schillaci-non-rimetteremo-lobbligo-vaccinale","status":"publish","type":"post","link":"https:\/\/www.messinaoggi.it\/website\/2022\/12\/05\/covid-schillaci-non-rimetteremo-lobbligo-vaccinale\/","title":{"rendered":"Covid, Schillaci \u201cNon rimetteremo l\u2019obbligo vaccinale\u201d"},"content":{"rendered":"<div>ROMA (ITALPRESS) &#8211; &#8220;Non ho mai messo in dubbio l&#8217;utilit\u00e0 dei vaccini n\u00e8 ho mai detto che andasse tolto l&#8217;obbligo delle mascherine negli ospedali. Sono medico e uomo di grande prudenza. <br \/>Negli ultimi tre anni si \u00e8 parlato solo di Covid, perch\u00e8 il virus ha sconvolto il mondo. Oggi per\u00f2 l&#8217;epidemia \u00e8 cambiata. Si dovrebbe iniziare a parlare di Covid 23 anzich\u00e8 di Covid 19, per far capire a tutti che ormai la malattia \u00e8 profondamente diversa da quella originaria. La forma attuale \u00e8 meno aggressiva e sappiamo curare meglio. Le epidemie durano due-tre anni, \u00e8 sempre andata cos\u00ec nella storia, con o senza vaccini, come avvenuto cento anni fa per l&#8217;influenza spagnola. Spero che con la prossima primavera ce la lasceremo alle spalle. La situazione negli ospedali e nelle terapie intensive \u00e8 sotto controllo&#8221;. <br \/>Cos\u00ec, in un&#8217;intervista a a Libero, il ministro della Salute Orazio Schillaci. Quanto alla sentenza della Corte Costituzionale sulla legittimit\u00e0 dell&#8217;obbligo vaccinale, il ministro osserva: &#8220;Rispetto le sentenze. In realt\u00e0 l&#8217;obbligo era terminato per quasi tutte le categorie nello scorso mese di giugno, quando era cessato lo stato d&#8217;emergenza, e sarebbe scaduto per il personale sanitario il prossimo 31 dicembre. Noi abbiamo anticipato al primo novembre questa scadenza. Il presidente Meloni ha sempre detto di essere contraria all&#8217;obbligo per i vaccini Covid, ritenendo l&#8217;informazione pi\u00f9 efficace della coercizione, e non mi pare abbia cambiato idea&#8221;. Il green pass non torner\u00e0 pi\u00f9? &#8220;Non rimetteremo l&#8217;obbligo vaccinale e saremo sempre attenti a mediare il diritto alla salute con il rispetto delle libert\u00e0 personali&#8221;, chiosa Schillaci.<br \/>(ITALPRESS).<br \/>-foto agenziafotogramma.it-<\/div>\n<div id=\"div-gpt-ad-Messinaoggi.it-DSK-300x250-corpoart\" style=\"text-align:center;margin:0 auto;\"><\/div><\/p><div id=\"videoincontent\" style=\"clear:both\";><\/div>","protected":false},"excerpt":{"rendered":"<p>ROMA (ITALPRESS) &#8211; &#8220;Non ho mai messo in dubbio l&#8217;utilit\u00e0 dei vaccini n\u00e8 ho mai detto che andasse tolto l&#8217;obbligo delle mascherine negli ospedali. Sono medico e uomo di grande prudenza. Negli ultimi tre anni si \u00e8 parlato solo di Covid, perch\u00e8 il virus ha sconvolto il mondo. Oggi per\u00f2 l&#8217;epidemia \u00e8 cambiata. Si dovrebbe [&hellip;]<\/p>\n","protected":false},"author":18,"featured_media":132853,"comment_status":"closed","ping_status":"closed","sticky":false,"template":"","format":"standard","meta":{"ub_ctt_via":"","_mi_skip_tracking":false},"categories":[221,446],"tags":[783],"featured_image_src":"https:\/\/www.messinaoggi.it\/website\/wp-content\/uploads\/2022\/12\/20221205_0121.jpg","author_info":{"display_name":"Admin","author_link":"https:\/\/www.messinaoggi.it\/website\/author\/admin\/"},"digistream_id":0,"digistream":false,"_links":{"self":[{"href":"https:\/\/www.messinaoggi.it\/website\/wp-json\/wp\/v2\/posts\/132852"}],"collection":[{"href":"https:\/\/www.messinaoggi.it\/website\/wp-json\/wp\/v2\/posts"}],"about":[{"href":"https:\/\/www.messinaoggi.it\/website\/wp-json\/wp\/v2\/types\/post"}],"author":[{"embeddable":true,"href":"https:\/\/www.messinaoggi.it\/website\/wp-json\/wp\/v2\/users\/18"}],"replies":[{"embeddable":true,"href":"https:\/\/www.messinaoggi.it\/website\/wp-json\/wp\/v2\/comments?post=132852"}],"version-history":[{"count":1,"href":"https:\/\/www.messinaoggi.it\/website\/wp-json\/wp\/v2\/posts\/132852\/revisions"}],"predecessor-version":[{"id":132857,"href":"https:\/\/www.messinaoggi.it\/website\/wp-json\/wp\/v2\/posts\/132852\/revisions\/132857"}],"wp:featuredmedia":[{"embeddable":true,"href":"https:\/\/www.messinaoggi.it\/website\/wp-json\/wp\/v2\/media\/132853"}],"wp:attachment":[{"href":"https:\/\/www.messinaoggi.it\/website\/wp-json\/wp\/v2\/media?parent=132852"}],"wp:term":[{"taxonomy":"category","embeddable":true,"href":"https:\/\/www.messinaoggi.it\/website\/wp-json\/wp\/v2\/categories?post=132852"},{"taxonomy":"post_tag","embeddable":true,"href":"https:\/\/www.messinaoggi.it\/website\/wp-json\/wp\/v2\/tags?post=132852"}],"curies":[{"name":"wp","href":"https:\/\/api.w.org\/{rel}","templated":true}]}}