{"id":132826,"date":"2022-12-04T20:47:51","date_gmt":"2022-12-04T19:47:51","guid":{"rendered":"https:\/\/www.messinaoggi.it\/website\/2022\/12\/04\/lukoil-schifani-incontra-urso-sinergia-con-il-governo-nazionale\/"},"modified":"2022-12-04T20:47:51","modified_gmt":"2022-12-04T19:47:51","slug":"lukoil-schifani-incontra-urso-sinergia-con-il-governo-nazionale","status":"publish","type":"post","link":"https:\/\/www.messinaoggi.it\/website\/2022\/12\/04\/lukoil-schifani-incontra-urso-sinergia-con-il-governo-nazionale\/","title":{"rendered":"Lukoil, Schifani incontra Urso \u201cSinergia con il Governo nazionale\u201d"},"content":{"rendered":"<div>\n<p>CATANIA (ITALPRESS) \u2013 La soluzione della vicenda Lukoil e il riconoscimento dell\u2019area di crisi industriale complessa per il petrolchimico siracusano, il futuro dell\u2019area industriale di Termini Imerese fondato sulla meccatronica e lo sviluppo dell\u2019Etna Valley come polo dell\u2019elettronica e dell\u2019innovazione tecnologica. Questi i temi al centro dell\u2019incontro tra il presidente della Regione Siciliana, Renato Schifani, e il ministro delle Imprese e del Made in Italy, Adolfo Urso, al PalaRegione di Catania. Presenti anche gli assessori all\u2019Economia, Marco Falcone, alle Attivit\u00e0 produttive, Edy Tamajo, e al Territorio e Ambiente, Elena Pagana.<br \/>\u00abL\u2019incontro con il ministro Urso \u2013 ha sottolineato il governatore Schifani \u2013 \u00e8 la dimostrazione della grande sinergia tra governo regionale e governo nazionale, un patrimonio che pu\u00f2 dare grande serenit\u00e0 a tutti i siciliani. Dopo la soluzione adottata da Roma per evitare che da domani la Isab di Priolo subisse negativamente l\u2019impatto dell\u2019embargo al petrolio russo, da parte della Regione c\u2019\u00e8 grande attenzione anche alla vicenda del depuratore di Industria Acqua Siracusana, che serve l\u2019intero territorio del petrolchimico. In merito ho acquisito subito il dossier, ho convocato una riunione con tutti i dirigenti competenti, mi sono fatto una mia idea e a breve adotteremo dei provvedimenti finalizzati, da un lato, a collaborare con la magistratura e, dall\u2019altro, a ripristinare l\u2019efficienza dell\u2019impianto nell\u2019interesse pubblico, rimuovendo le cause di inidoneit\u00e0. Siamo pronti \u2013 ha concluso Schifani \u2013 anche a fare la nostra parte per intervenire sul capitale della Ias, assieme ai privati che fanno parte della compagine societaria\u00bb.<br \/>\u00abOggi \u2013 ha detto il ministro Urso \u2013 possiamo dire di avere ben chiuso il caso Lukoil. Domani scattano le sanzioni nei confronti del petrolio russo, ma i cancelli resteranno aperti, l\u2019Isab continuer\u00e0 a produrre, diecimila e pi\u00f9 persone potranno proseguire a lavorare. Non era scontato, abbiamo riesumato il dossier che era nei cassetti e in poche settimane abbiamo trovato una soluzione grazie alla piena collaborazione tra la Regione Siciliana e il governo di Roma, attraverso il mio dicastero. Sulla figura dell\u2019amministratore straordinario dell\u2019Isab siamo vagliando diversi profili di alta levatura, ma sono felice di annunciare che ieri abbiamo ricevuto una lettera di garanzia dall\u2019autorit\u00e0 americana Olaf che ha garantito che nessuna banca italiana sar\u00e0 sanzionata ove finanziasse l\u2019acquisizione di petrolio per rifornire l\u2019Isab. Nel contempo \u2013 ha aggiunto il ministro \u2013 sappiamo che dobbiamo collaborare con l\u2019Eni per garantire questo approvvigionamento e abbiamo contezza che ci sono diversi investitori che stanno trattando l\u2019acquisizione dello stabilimento. Per garantire il territorio, l\u2019occupazione e la riconversione ambientale dell\u2019impianto, porremo le prescrizioni della Golden Power, come ci consente la legge\u00bb.<br \/>\u00abLa Sicilia \u2013 ha concluso il ministro \u2013 pu\u00f2 tornare ad avere fiducia, c\u2019\u00e8 un governo regionale saldo che \u00e8 in grande sintonia con quello nazionale che ha una prospettiva di legislatura di almeno cinque anni. Lavoriamo insieme per restituire una visione industriale a questa regione\u00bb.<div id=\"div-gpt-ad-Messinaoggi.it-DSK-300x250-corpoart\" style=\"text-align:center;margin:0 auto;\"><\/div><\/p>\n<p>\u2013 foto ufficio stampa Regione Siciliana \u2013<div id=\"videoincontent\" style=\"clear:both\";><\/div><\/p>\n<p>(ITALPRESS).<\/p>\n<\/div>\n","protected":false},"excerpt":{"rendered":"<p>CATANIA (ITALPRESS) \u2013 La soluzione della vicenda Lukoil e il riconoscimento dell\u2019area di crisi industriale complessa per il petrolchimico siracusano, il futuro dell\u2019area industriale di Termini Imerese fondato sulla meccatronica e lo sviluppo dell\u2019Etna Valley come polo dell\u2019elettronica e dell\u2019innovazione tecnologica. Questi i temi al centro dell\u2019incontro tra il presidente della Regione Siciliana, Renato Schifani, [&hellip;]<\/p>\n","protected":false},"author":18,"featured_media":132827,"comment_status":"closed","ping_status":"closed","sticky":false,"template":"","format":"standard","meta":{"ub_ctt_via":"","_mi_skip_tracking":false},"categories":[2449],"tags":[783],"featured_image_src":"https:\/\/www.messinaoggi.it\/website\/wp-content\/uploads\/2022\/12\/20221204_1810.jpg","author_info":{"display_name":"Admin","author_link":"https:\/\/www.messinaoggi.it\/website\/author\/admin\/"},"digistream_id":0,"digistream":false,"_links":{"self":[{"href":"https:\/\/www.messinaoggi.it\/website\/wp-json\/wp\/v2\/posts\/132826"}],"collection":[{"href":"https:\/\/www.messinaoggi.it\/website\/wp-json\/wp\/v2\/posts"}],"about":[{"href":"https:\/\/www.messinaoggi.it\/website\/wp-json\/wp\/v2\/types\/post"}],"author":[{"embeddable":true,"href":"https:\/\/www.messinaoggi.it\/website\/wp-json\/wp\/v2\/users\/18"}],"replies":[{"embeddable":true,"href":"https:\/\/www.messinaoggi.it\/website\/wp-json\/wp\/v2\/comments?post=132826"}],"version-history":[{"count":0,"href":"https:\/\/www.messinaoggi.it\/website\/wp-json\/wp\/v2\/posts\/132826\/revisions"}],"wp:featuredmedia":[{"embeddable":true,"href":"https:\/\/www.messinaoggi.it\/website\/wp-json\/wp\/v2\/media\/132827"}],"wp:attachment":[{"href":"https:\/\/www.messinaoggi.it\/website\/wp-json\/wp\/v2\/media?parent=132826"}],"wp:term":[{"taxonomy":"category","embeddable":true,"href":"https:\/\/www.messinaoggi.it\/website\/wp-json\/wp\/v2\/categories?post=132826"},{"taxonomy":"post_tag","embeddable":true,"href":"https:\/\/www.messinaoggi.it\/website\/wp-json\/wp\/v2\/tags?post=132826"}],"curies":[{"name":"wp","href":"https:\/\/api.w.org\/{rel}","templated":true}]}}