{"id":132762,"date":"2022-12-04T13:43:23","date_gmt":"2022-12-04T12:43:23","guid":{"rendered":"http:\/\/www.messinaoggi.it\/website\/?p=132762"},"modified":"2022-12-04T13:43:24","modified_gmt":"2022-12-04T12:43:24","slug":"i-buonisti-il-debutto-di-salvo-grasso","status":"publish","type":"post","link":"https:\/\/www.messinaoggi.it\/website\/2022\/12\/04\/i-buonisti-il-debutto-di-salvo-grasso\/","title":{"rendered":"I Buonisti, il debutto di Salvo Grasso"},"content":{"rendered":"\n<p><br>Dal 7 dicembre nelle sale cinematografiche siciliane arriva il film \u2018I Buonisti\u2019 del regista Salvo Grasso, in anteprima nazionale, prodotto dalla Cinematografica Siciliana al suo debutto nel mondo della \u2018cellulosa\u2019.<div id=\"div-gpt-ad-Messinaoggi.it-DSK-300x250-corpoart\" style=\"text-align:center;margin:0 auto;\"><\/div><\/p>\n\n\n\n<p><br>La produzione, per il suo battesimo, ha scelto un cast tutto siciliano e per il ruolo di protagonisti si \u00e8 rivolta a quattro attori ben conosciuti ed amati dal pubblico: la coppia Toti e Totino e il duo formato da Enrico Guarneri e Mario Opinato. <div id=\"videoincontent\" style=\"clear:both\";><\/div><\/p>\n\n\n\n<figure class=\"wp-block-image size-large\"><img loading=\"lazy\" width=\"642\" height=\"1024\" src=\"http:\/\/www.messinaoggi.it\/website\/wp-content\/uploads\/2022\/12\/IMG-20221203-WA0038-642x1024.jpg\" alt=\"\" class=\"wp-image-132765\" srcset=\"https:\/\/www.messinaoggi.it\/website\/wp-content\/uploads\/2022\/12\/IMG-20221203-WA0038-642x1024.jpg 642w, https:\/\/www.messinaoggi.it\/website\/wp-content\/uploads\/2022\/12\/IMG-20221203-WA0038-188x300.jpg 188w, https:\/\/www.messinaoggi.it\/website\/wp-content\/uploads\/2022\/12\/IMG-20221203-WA0038-768x1224.jpg 768w, https:\/\/www.messinaoggi.it\/website\/wp-content\/uploads\/2022\/12\/IMG-20221203-WA0038-964x1536.jpg 964w, https:\/\/www.messinaoggi.it\/website\/wp-content\/uploads\/2022\/12\/IMG-20221203-WA0038.jpg 1000w\" sizes=\"(max-width: 642px) 100vw, 642px\" \/><\/figure>\n\n\n\n<p>Un quartetto che ha valorizzato il lavoro del regista Salvo Grasso, che \u00e8 stato anche sceneggiatore del film, rendendo in chiave comico-grottesca la trama che tratta aspetti etico-morali della vita quotidiana di personaggi che modificano il proprio comportamento sociale in base agli eventi o ai propri interessi. Uno spaccato, quindi, della societ\u00e0 attuale che spesso si pone in una contrapposizione sociale sui valori ritenuti basilari della civile convivenza e da dove scaturisce un dibattito a volte anche aspro.<\/p>\n\n\n\n<p><br>Per il regista Salvo Grasso, con il suo film \u2018I Buonisti\u2019, trattare argomenti cos\u00ec profondi, che a volte possono sembrare frivoli nelle tante gag esilaranti perch\u00e9 trattati in tal modo per essere pi\u00f9 incisivi, vuole evidenziare e sottolineare i disagi dei cittadini nell\u2019affrontare la vita giornaliera e le loro reazioni alle avversit\u00e0 che accadono o agli imprevisti che possono modificare i propri punti fermi.<\/p>\n","protected":false},"excerpt":{"rendered":"<p>Dal 7 dicembre nelle sale cinematografiche siciliane arriva il film \u2018I Buonisti\u2019 del regista Salvo Grasso, in anteprima nazionale, prodotto dalla Cinematografica Siciliana al suo debutto nel mondo della \u2018cellulosa\u2019. La produzione, per il suo battesimo, ha scelto un cast tutto siciliano e per il ruolo di protagonisti si \u00e8 rivolta a quattro attori ben [&hellip;]<\/p>\n","protected":false},"author":15,"featured_media":132764,"comment_status":"open","ping_status":"open","sticky":false,"template":"","format":"standard","meta":{"ub_ctt_via":"","_mi_skip_tracking":false},"categories":[1],"tags":[],"featured_image_src":"https:\/\/www.messinaoggi.it\/website\/wp-content\/uploads\/2022\/12\/IMG-20221203-WA0039.jpg","author_info":{"display_name":"red.me","author_link":"https:\/\/www.messinaoggi.it\/website\/author\/red-me\/"},"digistream_id":0,"digistream":false,"_links":{"self":[{"href":"https:\/\/www.messinaoggi.it\/website\/wp-json\/wp\/v2\/posts\/132762"}],"collection":[{"href":"https:\/\/www.messinaoggi.it\/website\/wp-json\/wp\/v2\/posts"}],"about":[{"href":"https:\/\/www.messinaoggi.it\/website\/wp-json\/wp\/v2\/types\/post"}],"author":[{"embeddable":true,"href":"https:\/\/www.messinaoggi.it\/website\/wp-json\/wp\/v2\/users\/15"}],"replies":[{"embeddable":true,"href":"https:\/\/www.messinaoggi.it\/website\/wp-json\/wp\/v2\/comments?post=132762"}],"version-history":[{"count":2,"href":"https:\/\/www.messinaoggi.it\/website\/wp-json\/wp\/v2\/posts\/132762\/revisions"}],"predecessor-version":[{"id":132766,"href":"https:\/\/www.messinaoggi.it\/website\/wp-json\/wp\/v2\/posts\/132762\/revisions\/132766"}],"wp:featuredmedia":[{"embeddable":true,"href":"https:\/\/www.messinaoggi.it\/website\/wp-json\/wp\/v2\/media\/132764"}],"wp:attachment":[{"href":"https:\/\/www.messinaoggi.it\/website\/wp-json\/wp\/v2\/media?parent=132762"}],"wp:term":[{"taxonomy":"category","embeddable":true,"href":"https:\/\/www.messinaoggi.it\/website\/wp-json\/wp\/v2\/categories?post=132762"},{"taxonomy":"post_tag","embeddable":true,"href":"https:\/\/www.messinaoggi.it\/website\/wp-json\/wp\/v2\/tags?post=132762"}],"curies":[{"name":"wp","href":"https:\/\/api.w.org\/{rel}","templated":true}]}}