{"id":132741,"date":"2022-12-04T10:07:51","date_gmt":"2022-12-04T09:07:51","guid":{"rendered":"https:\/\/www.messinaoggi.it\/website\/2022\/12\/04\/mattarella-vigili-del-fuoco-solido-presidio-allincolumita\/"},"modified":"2022-12-04T10:07:51","modified_gmt":"2022-12-04T09:07:51","slug":"mattarella-vigili-del-fuoco-solido-presidio-allincolumita","status":"publish","type":"post","link":"https:\/\/www.messinaoggi.it\/website\/2022\/12\/04\/mattarella-vigili-del-fuoco-solido-presidio-allincolumita\/","title":{"rendered":"Mattarella \u201cVigili del fuoco solido presidio all\u2019incolumit\u00e0\u201d"},"content":{"rendered":"<div>ROMA (ITALPRESS) &#8211; &#8220;In occasione della Festa della Patrona, Santa Barbara, desidero rivolgere un grato pensiero a tutti i Vigili del Fuoco, interpretando i sentimenti di stima e di riconoscenza dell&#8217;intera collettivit\u00e0&#8221;. Lo scrive il Presidente della Repubblica, Sergio Mattarella, in un messaggio inviato al Capo del Dipartimento dei Vigili del Fuoco, del Soccorso Pubblico e della Difesa Civile, Prefetto Laura Lega.<br \/>&#8220;Nei delicati scenari emergenziali e negli interventi di soccorso pubblico &#8211; aggiunge &#8211; le donne e gli uomini del Corpo rappresentano da sempre un solido presidio a tutela dell&#8217;incolumit\u00e0 delle persone e dell&#8217;integrit\u00e0 dei beni, dando concreta attuazione ai principi di solidariet\u00e0 che ispirano la Carta Costituzionale, come evidenzia anche l&#8217;impegno in occasione dei recenti eventi calamitosi ad Ischia&#8221;. <br \/>&#8220;Lo spirito di servizio che connota la vocazione del Corpo Nazionale, costituendone un tratto distintivo &#8211; prosegue &#8211; \u00e8 stato testimoniato anche dal significativo apporto offerto dal Corpo durante il periodo pandemico, per il quale \u00e8 stata conferita alla Bandiera la Medaglia d&#8217;Oro al Valor Civile. <br \/>Le doti di umanit\u00e0 e abnegazione dei Vigili del Fuoco, permanenti e volontari, nonch\u00e8 l&#8217;accurata professionalit\u00e0, costituiscono un patrimonio a vantaggio del Paese. Ne costituisce preziosa conferma l&#8217;attivit\u00e0 delle componenti specialistiche, tra cui quella dei nuclei di sommozzatori, di cui quest&#8217;anno si celebra il settantesimo anniversario dall&#8217;istituzione. <br \/>L&#8217;azione del Corpo, oltre che nell&#8217;emergenza, si caratterizza positivamente anche con la diffusione della cultura della sicurezza e della prevenzione dei rischi sui luoghi di lavoro, nonch\u00e8 per la tutela del patrimonio storico-artistico e per il concorso nel contrasto agli incendi boschivi, insieme alle altre componenti del sistema di Protezione Civile.<br \/>Nel ricordare in questa circostanza quanti hanno perso la vita nell&#8217;adempimento del proprio dovere, indirizzo un saluto cordiale a tutti gli appartenenti al Corpo Nazionale, ai gruppi di volontari, ai loro familiari, con gli auguri di buona festa&#8221;.<br \/>-foto agenziafotogramma.it-<br \/>(ITALPRESS).<\/div>\n<div id=\"div-gpt-ad-Messinaoggi.it-DSK-300x250-corpoart\" style=\"text-align:center;margin:0 auto;\"><\/div><\/p><div id=\"videoincontent\" style=\"clear:both\";><\/div>","protected":false},"excerpt":{"rendered":"<p>ROMA (ITALPRESS) &#8211; &#8220;In occasione della Festa della Patrona, Santa Barbara, desidero rivolgere un grato pensiero a tutti i Vigili del Fuoco, interpretando i sentimenti di stima e di riconoscenza dell&#8217;intera collettivit\u00e0&#8221;. Lo scrive il Presidente della Repubblica, Sergio Mattarella, in un messaggio inviato al Capo del Dipartimento dei Vigili del Fuoco, del Soccorso Pubblico [&hellip;]<\/p>\n","protected":false},"author":18,"featured_media":132742,"comment_status":"closed","ping_status":"closed","sticky":false,"template":"","format":"standard","meta":{"ub_ctt_via":"","_mi_skip_tracking":false},"categories":[446],"tags":[783],"featured_image_src":"https:\/\/www.messinaoggi.it\/website\/wp-content\/uploads\/2022\/12\/20221204_0068.jpg","author_info":{"display_name":"Admin","author_link":"https:\/\/www.messinaoggi.it\/website\/author\/admin\/"},"digistream_id":0,"digistream":false,"_links":{"self":[{"href":"https:\/\/www.messinaoggi.it\/website\/wp-json\/wp\/v2\/posts\/132741"}],"collection":[{"href":"https:\/\/www.messinaoggi.it\/website\/wp-json\/wp\/v2\/posts"}],"about":[{"href":"https:\/\/www.messinaoggi.it\/website\/wp-json\/wp\/v2\/types\/post"}],"author":[{"embeddable":true,"href":"https:\/\/www.messinaoggi.it\/website\/wp-json\/wp\/v2\/users\/18"}],"replies":[{"embeddable":true,"href":"https:\/\/www.messinaoggi.it\/website\/wp-json\/wp\/v2\/comments?post=132741"}],"version-history":[{"count":0,"href":"https:\/\/www.messinaoggi.it\/website\/wp-json\/wp\/v2\/posts\/132741\/revisions"}],"wp:featuredmedia":[{"embeddable":true,"href":"https:\/\/www.messinaoggi.it\/website\/wp-json\/wp\/v2\/media\/132742"}],"wp:attachment":[{"href":"https:\/\/www.messinaoggi.it\/website\/wp-json\/wp\/v2\/media?parent=132741"}],"wp:term":[{"taxonomy":"category","embeddable":true,"href":"https:\/\/www.messinaoggi.it\/website\/wp-json\/wp\/v2\/categories?post=132741"},{"taxonomy":"post_tag","embeddable":true,"href":"https:\/\/www.messinaoggi.it\/website\/wp-json\/wp\/v2\/tags?post=132741"}],"curies":[{"name":"wp","href":"https:\/\/api.w.org\/{rel}","templated":true}]}}