{"id":132721,"date":"2022-12-03T23:32:50","date_gmt":"2022-12-03T22:32:50","guid":{"rendered":"https:\/\/www.messinaoggi.it\/website\/2022\/12\/03\/maltempo-nel-messinese-forti-disagi\/"},"modified":"2022-12-03T23:32:50","modified_gmt":"2022-12-03T22:32:50","slug":"maltempo-nel-messinese-forti-disagi","status":"publish","type":"post","link":"https:\/\/www.messinaoggi.it\/website\/2022\/12\/03\/maltempo-nel-messinese-forti-disagi\/","title":{"rendered":"Maltempo, nel Messinese forti disagi"},"content":{"rendered":"<div>\n<p>Il maltempo che dal tardo pomeriggio sta flaggellando il Messinese, ha provocato non pochi disagi e danni nelle zone interessate. Un violento temporale si \u00e8 abbattuto in particolare a Barcellona Pozzo di Gotto, Milazzo e Terme Vigliatore causando l\u2019inondazione delle strade, piccoli smottamenti e lo straripamento dei torrenti. A causa della pioggia \u00e8 stato chiuso il tratto dell\u2019autostrada Palermo-Messina (A20) tra lo svincolo di Barcellona Pozzo di Gotto e Falcone in entrambi i sensi di marcia. Inoltre, come riporta il Dipartimento Regionale della Protezione Civile, a Milazzo una famiglia di tre persona \u00e8 stata costretta a lasciare la propria abitazione a causa del crollo del tetto. Molti cantinati sono allagati e persone bloccate in macchina a causa dell\u2019acqua alta. Allagato il centro commerciale Parco Corolla. A Santa Lucia del Mela \u00e8 crollato un muro lungo la strada provinciale 65, che \u00e8 stata interdetta al traffico. Alcune famiglie sono rimaste isolate. A Monforte San Giorgio alcune microfrane si sono verificate sulla SP60 che comunque non ostruiscono la transitabilit\u00e1 della stessa strada. A Rod\u00ed Milici la viabilit\u00e0 tra Rodi e Milici \u00e8 stata ripristinata e al momento non piove. Manca la corrente elettrica in una zona di Milici. A Castroreale le strade provinciali 85, 87 e 82 sono di nuovo percorribili, ma il materiale franato \u00e8 stato posto ai margini delle stesse strade e quindi \u00e8 consigliata prudenza alla guida.<br \/>\n(ITALPRESS).<br \/>\n-foto social Dipartimento Regionale Protezione Civile-<div id=\"div-gpt-ad-Messinaoggi.it-DSK-300x250-corpoart\" style=\"text-align:center;margin:0 auto;\"><\/div><\/p>\n<\/div>\n<div id=\"videoincontent\" style=\"clear:both\";><\/div>","protected":false},"excerpt":{"rendered":"<p>Il maltempo che dal tardo pomeriggio sta flaggellando il Messinese, ha provocato non pochi disagi e danni nelle zone interessate. Un violento temporale si \u00e8 abbattuto in particolare a Barcellona Pozzo di Gotto, Milazzo e Terme Vigliatore causando l\u2019inondazione delle strade, piccoli smottamenti e lo straripamento dei torrenti. A causa della pioggia \u00e8 stato chiuso [&hellip;]<\/p>\n","protected":false},"author":18,"featured_media":132722,"comment_status":"closed","ping_status":"closed","sticky":false,"template":"","format":"standard","meta":{"ub_ctt_via":"","_mi_skip_tracking":false},"categories":[2449],"tags":[783],"featured_image_src":"https:\/\/www.messinaoggi.it\/website\/wp-content\/uploads\/2022\/12\/maltempo.jpg","author_info":{"display_name":"Admin","author_link":"https:\/\/www.messinaoggi.it\/website\/author\/admin\/"},"digistream_id":0,"digistream":false,"_links":{"self":[{"href":"https:\/\/www.messinaoggi.it\/website\/wp-json\/wp\/v2\/posts\/132721"}],"collection":[{"href":"https:\/\/www.messinaoggi.it\/website\/wp-json\/wp\/v2\/posts"}],"about":[{"href":"https:\/\/www.messinaoggi.it\/website\/wp-json\/wp\/v2\/types\/post"}],"author":[{"embeddable":true,"href":"https:\/\/www.messinaoggi.it\/website\/wp-json\/wp\/v2\/users\/18"}],"replies":[{"embeddable":true,"href":"https:\/\/www.messinaoggi.it\/website\/wp-json\/wp\/v2\/comments?post=132721"}],"version-history":[{"count":0,"href":"https:\/\/www.messinaoggi.it\/website\/wp-json\/wp\/v2\/posts\/132721\/revisions"}],"wp:featuredmedia":[{"embeddable":true,"href":"https:\/\/www.messinaoggi.it\/website\/wp-json\/wp\/v2\/media\/132722"}],"wp:attachment":[{"href":"https:\/\/www.messinaoggi.it\/website\/wp-json\/wp\/v2\/media?parent=132721"}],"wp:term":[{"taxonomy":"category","embeddable":true,"href":"https:\/\/www.messinaoggi.it\/website\/wp-json\/wp\/v2\/categories?post=132721"},{"taxonomy":"post_tag","embeddable":true,"href":"https:\/\/www.messinaoggi.it\/website\/wp-json\/wp\/v2\/tags?post=132721"}],"curies":[{"name":"wp","href":"https:\/\/api.w.org\/{rel}","templated":true}]}}