{"id":13272,"date":"2017-12-18T13:53:39","date_gmt":"2017-12-18T12:53:39","guid":{"rendered":"http:\/\/www.messinaoggi.it\/website\/?p=13272"},"modified":"2017-12-18T13:53:39","modified_gmt":"2017-12-18T12:53:39","slug":"ex-ferrotel-dopo-ennesimo-sit-in-viceprefetto-si-prodiga-con-regione-deputati-investiti-da-uiltrasporti","status":"publish","type":"post","link":"https:\/\/www.messinaoggi.it\/website\/2017\/12\/18\/ex-ferrotel-dopo-ennesimo-sit-in-viceprefetto-si-prodiga-con-regione-deputati-investiti-da-uiltrasporti\/","title":{"rendered":"Ex Ferrotel dopo ennesimo sit \u2013 in, Viceprefetto si prodiga con Regione. Deputati investiti da Uiltrasporti"},"content":{"rendered":"<p style=\"text-align: justify\">Sei anni di malcontento e manifestazioni sulle spalle dell\u2019organico ex Ferrotel che ha motivato il Prefetto di Messina Francesca Ferrandino ad una \u201cautorevole mediazione con il Governo siciliano&#8221;, come la Uiltrasporti ha denotato tempo fa e ribadisce in questi giorni. <strong>Oggi una delegazione del settore ferroviario ha organizzato l\u2019ennesimo sit-in, davanti il Palazzo del Governo, per giungere ad un lungo incontro perorato dalla segreteria della Uiltrasporti con il viceprefetto di Messina dott. ssa Minutoli.<\/strong> Questa ha subito messo in moto la macchina del controllo e dell&#8217;accelerazione presso il Governo Regionale per avere contezza degli sviluppi della vertenza ed agganciarsi all\u2019interesse gi\u00e0 palesato dalla guida di Palazzo. Sulla questione ancora irrisolta la <strong>Uiltrasporti ha sintetizzato la vertenza con una missiva inviata a tutti i Capigruppo all&#8217;Ars del nuovo Governo Regionale per sollecitare i lavori d&#8217;aula e le procedure burocratiche legate al contratto ferroviario di servizio siciliano<\/strong>, necessario per la contestuale ricollocazione dei lavoratori ex Ferrotel e Servirail che noi riproponiamo.<div id=\"div-gpt-ad-Messinaoggi.it-DSK-300x250-corpoart\" style=\"text-align:center;margin:0 auto;\"><\/div><\/p>\n<p style=\"text-align: justify\">All&#8217;indomani dell&#8217;insediamento della nuova Assemblea Regionale e con la giunta Musumeci nei suoi pieni poteri a Messina, subito una nuova protesta dei lavoratori. Il responsabile mobilit\u00e0 della Uiltrasporti Sicilia Michele Barresi: &#8220;Tornano oggi a protestare i lavoratori ex Ferrotel. Trenta famiglie siciliane attendono il rispetto degli impegni presi da ben cinque assessori ai trasporti, succedutisi nella giunta regionale del presidente Rosario Crocetta e adesso, come oggi abbiamo ribadito al vice Prefetto di Messina, quell&#8217;impegno condiviso pi\u00f9 volte in sede istituzionale da politica e ferrovie va rispettato e messo subito in atto se no la protesta si far\u00e0 sempre pi\u00f9 aspra\u201d.<div id=\"videoincontent\" style=\"clear:both\";><\/div><\/p>\n<p style=\"text-align: justify\"><img loading=\"lazy\" class=\"alignnone size-medium wp-image-13253\" src=\"http:\/\/www.messinaoggi.it\/website\/wp-content\/uploads\/2017\/12\/barresi-uil-RRP_7785-300x200.jpg\" alt=\"\" width=\"300\" height=\"200\" \/>&#8220;\u00c8 passato troppo tempo &#8211; continua la Uiltrasporti &#8211; da quando grazie alla Prefetto Francesca Ferrandino le parti avevano raggiunto un&#8217;intesa, ma da oltre sei mesi questi lavoratori attendono inutilmente che quell&#8217;impegno diventi realt\u00e0 con la ricollocazione negli appalti del gruppo Ferrovie &#8211; in concomitanza alla sottoscrizione del contratto di servizio tra Trenitalia e Regione Sicilia. Una firma che inspiegabilmente non arriva e che lega a se il destino occupazionale e le difficolt\u00e0 economiche di trenta famiglie senza reddito da sei interminabili anni\u201d.<\/p>\n<p style=\"text-align: justify\"><strong>I vertici della Uiltrasporti assieme ai dipendenti, incontrando il Viceprefetto, hanno condiviso col rappresentante del Governo la necessit\u00e0 di convocare con urgenza il nuovo assessore ai trasporti Marco Falcone e coinvolgere da subito il neo Presidente della Regione Nello Musumeci<\/strong>, al fine di completare con maggiore determinazione il percorso intrapreso con i predecessori interlocutori politici e con il Gruppo Fs.<\/p>\n<p style=\"text-align: justify\">&#8220;<strong>Nella stessa situazione dei lavoratori Ferrotel sono ancora in stand by i 25 lavoratori ex Servirail &#8211; e anche per la loro vertenza abbiamo sollecitato il Prefetto di Messina- perch\u00e9 in questa citt\u00e0 si continua a protestare per il diritto al lavoro &#8211; conclude Barresi &#8211; nell&#8217;insipienza e nell&#8217;impotenza manifestata da gran parte della politica cittadina<\/strong> e nella persistente speranza che cambiando i governi nazionali e regionali si comprendano quali siano le priorit\u00e0 di chi da disoccupato vive costantemente nella disperazione economica\u201d.<\/p>\n<p style=\"text-align: right\"><strong>Foto Rocco Papandrea\u00a0<\/strong><\/p>\n","protected":false},"excerpt":{"rendered":"<p>Sei anni di malcontento e manifestazioni sulle spalle dell\u2019organico ex Ferrotel che ha motivato il Prefetto di Messina Francesca Ferrandino ad una \u201cautorevole mediazione con il Governo siciliano&#8221;, come la Uiltrasporti ha denotato tempo fa e ribadisce in questi giorni. Oggi una delegazione del settore ferroviario ha organizzato l\u2019ennesimo sit-in, davanti il Palazzo del Governo, [&hellip;]<\/p>\n","protected":false},"author":7,"featured_media":13266,"comment_status":"closed","ping_status":"open","sticky":false,"template":"","format":"standard","meta":{"ub_ctt_via":"","_mi_skip_tracking":false},"categories":[4],"tags":[],"featured_image_src":"https:\/\/www.messinaoggi.it\/website\/wp-content\/uploads\/2017\/12\/sit-in-lavoratori-ex-ferrotel-RRP_7777.jpg","author_info":{"display_name":"Redazione1","author_link":"https:\/\/www.messinaoggi.it\/website\/author\/redazione1\/"},"digistream_id":0,"digistream":false,"_links":{"self":[{"href":"https:\/\/www.messinaoggi.it\/website\/wp-json\/wp\/v2\/posts\/13272"}],"collection":[{"href":"https:\/\/www.messinaoggi.it\/website\/wp-json\/wp\/v2\/posts"}],"about":[{"href":"https:\/\/www.messinaoggi.it\/website\/wp-json\/wp\/v2\/types\/post"}],"author":[{"embeddable":true,"href":"https:\/\/www.messinaoggi.it\/website\/wp-json\/wp\/v2\/users\/7"}],"replies":[{"embeddable":true,"href":"https:\/\/www.messinaoggi.it\/website\/wp-json\/wp\/v2\/comments?post=13272"}],"version-history":[{"count":0,"href":"https:\/\/www.messinaoggi.it\/website\/wp-json\/wp\/v2\/posts\/13272\/revisions"}],"wp:featuredmedia":[{"embeddable":true,"href":"https:\/\/www.messinaoggi.it\/website\/wp-json\/wp\/v2\/media\/13266"}],"wp:attachment":[{"href":"https:\/\/www.messinaoggi.it\/website\/wp-json\/wp\/v2\/media?parent=13272"}],"wp:term":[{"taxonomy":"category","embeddable":true,"href":"https:\/\/www.messinaoggi.it\/website\/wp-json\/wp\/v2\/categories?post=13272"},{"taxonomy":"post_tag","embeddable":true,"href":"https:\/\/www.messinaoggi.it\/website\/wp-json\/wp\/v2\/tags?post=13272"}],"curies":[{"name":"wp","href":"https:\/\/api.w.org\/{rel}","templated":true}]}}