{"id":132686,"date":"2022-12-03T18:07:53","date_gmt":"2022-12-03T17:07:53","guid":{"rendered":"https:\/\/www.messinaoggi.it\/website\/2022\/12\/03\/immigrazione-meloni-flusso-ingestibile-serve-collaborazione-ue\/"},"modified":"2022-12-03T18:07:53","modified_gmt":"2022-12-03T17:07:53","slug":"immigrazione-meloni-flusso-ingestibile-serve-collaborazione-ue","status":"publish","type":"post","link":"https:\/\/www.messinaoggi.it\/website\/2022\/12\/03\/immigrazione-meloni-flusso-ingestibile-serve-collaborazione-ue\/","title":{"rendered":"Immigrazione, Meloni \u201cFlusso ingestibile, serve collaborazione Ue\u201d"},"content":{"rendered":"<div>ROMA (ITALPRESS) &#8211; Sul fenomeno dell&#8217;immigrazione &#8220;ci vuole pi\u00f9 Europa sul fronte Sud, come l&#8217;Italia rivendica da tempo: noi, da soli, non possiamo gestire un flusso che ha assunto dimensioni ormai ingestibili. Occorre che l&#8217;Europa realizzi con urgenza un quadro di collaborazione multilaterale, basato su flussi legali, con una incisiva azione di prevenzione e di contrasto ai flussi irregolari, che debba prevedere ad esempio anche un tassello indispensabile che \u00e8 quello della europeizzazione nella gestione dei rimpatri&#8221;. Lo ha detto la presidente del Consiglio, Giorgia Meloni, nel suo intervento alla Conferenza Internazionale Rome MED Dialogue. &#8220;Il Mediterraneo ha bisogno di essere percepito prevalentemente come una comunit\u00e0 di destino, come luogo di incontro tra identit\u00e0 nazionali e non &#8211; come troppo spesso \u00e8 accaduto negli ultimi anni &#8211; come un luogo di morte causata da trafficanti di vite umane&#8221;, ha aggiunto. Secondo il premier \u00e8 necessario che &#8220;l&#8217;Italia si faccia promotrice di un piano Mattei per l&#8217;Africa, di un modello virtuoso di collaborazione che tra l&#8217;Unione europea e le nazioni africane, con un approccio che, prendendo esempio da un grande italiano come Enrico Mattei, non abbia una postura predatoria nei confronti delle altre nazioni, ma invece collaborativa e rispettosa dei reciproci interessi&#8221;.<br \/>(ITALPRESS).<br \/>-foto Palazzo Chigi-<\/div>\n<div id=\"div-gpt-ad-Messinaoggi.it-DSK-300x250-corpoart\" style=\"text-align:center;margin:0 auto;\"><\/div><\/p><div id=\"videoincontent\" style=\"clear:both\";><\/div>","protected":false},"excerpt":{"rendered":"<p>ROMA (ITALPRESS) &#8211; Sul fenomeno dell&#8217;immigrazione &#8220;ci vuole pi\u00f9 Europa sul fronte Sud, come l&#8217;Italia rivendica da tempo: noi, da soli, non possiamo gestire un flusso che ha assunto dimensioni ormai ingestibili. Occorre che l&#8217;Europa realizzi con urgenza un quadro di collaborazione multilaterale, basato su flussi legali, con una incisiva azione di prevenzione e di [&hellip;]<\/p>\n","protected":false},"author":18,"featured_media":132687,"comment_status":"closed","ping_status":"closed","sticky":false,"template":"","format":"standard","meta":{"ub_ctt_via":"","_mi_skip_tracking":false},"categories":[446],"tags":[783],"featured_image_src":"https:\/\/www.messinaoggi.it\/website\/wp-content\/uploads\/2022\/12\/20221203_1331.jpg","author_info":{"display_name":"Admin","author_link":"https:\/\/www.messinaoggi.it\/website\/author\/admin\/"},"digistream_id":0,"digistream":false,"_links":{"self":[{"href":"https:\/\/www.messinaoggi.it\/website\/wp-json\/wp\/v2\/posts\/132686"}],"collection":[{"href":"https:\/\/www.messinaoggi.it\/website\/wp-json\/wp\/v2\/posts"}],"about":[{"href":"https:\/\/www.messinaoggi.it\/website\/wp-json\/wp\/v2\/types\/post"}],"author":[{"embeddable":true,"href":"https:\/\/www.messinaoggi.it\/website\/wp-json\/wp\/v2\/users\/18"}],"replies":[{"embeddable":true,"href":"https:\/\/www.messinaoggi.it\/website\/wp-json\/wp\/v2\/comments?post=132686"}],"version-history":[{"count":0,"href":"https:\/\/www.messinaoggi.it\/website\/wp-json\/wp\/v2\/posts\/132686\/revisions"}],"wp:featuredmedia":[{"embeddable":true,"href":"https:\/\/www.messinaoggi.it\/website\/wp-json\/wp\/v2\/media\/132687"}],"wp:attachment":[{"href":"https:\/\/www.messinaoggi.it\/website\/wp-json\/wp\/v2\/media?parent=132686"}],"wp:term":[{"taxonomy":"category","embeddable":true,"href":"https:\/\/www.messinaoggi.it\/website\/wp-json\/wp\/v2\/categories?post=132686"},{"taxonomy":"post_tag","embeddable":true,"href":"https:\/\/www.messinaoggi.it\/website\/wp-json\/wp\/v2\/tags?post=132686"}],"curies":[{"name":"wp","href":"https:\/\/api.w.org\/{rel}","templated":true}]}}