{"id":132683,"date":"2022-12-03T17:35:59","date_gmt":"2022-12-03T16:35:59","guid":{"rendered":"http:\/\/www.messinaoggi.it\/website\/?p=132683"},"modified":"2022-12-04T17:37:04","modified_gmt":"2022-12-04T16:37:04","slug":"maltempo-barcellona-sottacqua","status":"publish","type":"post","link":"https:\/\/www.messinaoggi.it\/website\/2022\/12\/03\/maltempo-barcellona-sottacqua\/","title":{"rendered":"Maltempo, Barcellona e Milazzo sott\u2019acqua. Chiusa l&#8217;A20"},"content":{"rendered":"\n<p>Bomba d\u2019acqua a Barcellona Pozzo di Gotto e Terme Vigliatore nel pomeriggio. Stato di allerta e tanta paura per l\u2019ingrossamento di fiumi, torrenti e saie.<div id=\"div-gpt-ad-Messinaoggi.it-DSK-300x250-corpoart\" style=\"text-align:center;margin:0 auto;\"><\/div><\/p>\n\n\n\n<p>Alcune contrade sono isolate, mentre si registrano numerosi allagamenti che hanno richiesto l\u2019intervento dei vigili de fuoco.<div id=\"videoincontent\" style=\"clear:both\";><\/div><\/p>\n\n\n\n<p>Allertata la Protezione civile e si sta provvedendo al monitoraggio delle zone maggiormente colpite dalla bomba d\u2019acqua.<\/p>\n\n\n\n<p>&#8220;Evitare di uscire di casa, anche in auto\u201d. \u00c8 questo l\u2019appello lanciato dal sindaco di Milazzo, Pippo Midili, che sta monitorando la situazione nella citt\u00e0 mamertina. Di conseguenza, \u00e8 stata chiusa l\u2019A20 tra Barcellona e Falcone, sempre per allagamenti. In azione la Protezione civile regionale che informa: \u201cSituazione critica a Milazzo e Barcellona per allagamenti in alcune case. Il Dipartimento della protezione civile siciliana \u00e8 stata attivata ed \u00e8 in costante contatto con i sindaci delle localit\u00e0 interessate. Vigili del fuoco e organizzazioni di volontariato sono gi\u00e0 sui luoghi per i primi interventi\u201d. <\/p>\n\n\n\n<p>Sugli eventi meteo nella costa tirrenica cos\u00ec informa la Protezione civile regionale siciliana: \u201cRegistrate forti piogge a Novara di Sicilia (220 mm in 3 ore), Tripi, Barcellona Pozzo di Gotto (150 mm), Milazzo e nella Valle del Mela. Due strade provinciali, zona Tripi Fondachelli Fantina e Novara sono interdette al traffico per piccoli smottamenti. La Citt\u00e0 Metropolitana di Messina sta intervenendo con proprio personale e mezzi movimento terra per ripristinare la viabilit\u00e0 stradale.<\/p>\n","protected":false},"excerpt":{"rendered":"<p>Bomba d\u2019acqua a Barcellona Pozzo di Gotto e Terme Vigliatore nel pomeriggio. Stato di allerta e tanta paura per l\u2019ingrossamento di fiumi, torrenti e saie. Alcune contrade sono isolate, mentre si registrano numerosi allagamenti che hanno richiesto l\u2019intervento dei vigili de fuoco. Allertata la Protezione civile e si sta provvedendo al monitoraggio delle zone maggiormente [&hellip;]<\/p>\n","protected":false},"author":2,"featured_media":132684,"comment_status":"open","ping_status":"open","sticky":false,"template":"","format":"standard","meta":{"ub_ctt_via":"","_mi_skip_tracking":false},"categories":[13,19,14],"tags":[566,5772,1025,778],"featured_image_src":"https:\/\/www.messinaoggi.it\/website\/wp-content\/uploads\/2022\/12\/09EDE2F8-7311-4484-9725-1848C248BE2B.jpeg","author_info":{"display_name":"Redazione","author_link":"https:\/\/www.messinaoggi.it\/website\/author\/redazione\/"},"digistream_id":0,"digistream":false,"_links":{"self":[{"href":"https:\/\/www.messinaoggi.it\/website\/wp-json\/wp\/v2\/posts\/132683"}],"collection":[{"href":"https:\/\/www.messinaoggi.it\/website\/wp-json\/wp\/v2\/posts"}],"about":[{"href":"https:\/\/www.messinaoggi.it\/website\/wp-json\/wp\/v2\/types\/post"}],"author":[{"embeddable":true,"href":"https:\/\/www.messinaoggi.it\/website\/wp-json\/wp\/v2\/users\/2"}],"replies":[{"embeddable":true,"href":"https:\/\/www.messinaoggi.it\/website\/wp-json\/wp\/v2\/comments?post=132683"}],"version-history":[{"count":2,"href":"https:\/\/www.messinaoggi.it\/website\/wp-json\/wp\/v2\/posts\/132683\/revisions"}],"predecessor-version":[{"id":132704,"href":"https:\/\/www.messinaoggi.it\/website\/wp-json\/wp\/v2\/posts\/132683\/revisions\/132704"}],"wp:featuredmedia":[{"embeddable":true,"href":"https:\/\/www.messinaoggi.it\/website\/wp-json\/wp\/v2\/media\/132684"}],"wp:attachment":[{"href":"https:\/\/www.messinaoggi.it\/website\/wp-json\/wp\/v2\/media?parent=132683"}],"wp:term":[{"taxonomy":"category","embeddable":true,"href":"https:\/\/www.messinaoggi.it\/website\/wp-json\/wp\/v2\/categories?post=132683"},{"taxonomy":"post_tag","embeddable":true,"href":"https:\/\/www.messinaoggi.it\/website\/wp-json\/wp\/v2\/tags?post=132683"}],"curies":[{"name":"wp","href":"https:\/\/api.w.org\/{rel}","templated":true}]}}