{"id":132665,"date":"2022-12-03T16:07:52","date_gmt":"2022-12-03T15:07:52","guid":{"rendered":"https:\/\/www.messinaoggi.it\/website\/2022\/12\/03\/disabilita-papa-non-ce-inclusione-senza-fraternita\/"},"modified":"2022-12-03T16:07:52","modified_gmt":"2022-12-03T15:07:52","slug":"disabilita-papa-non-ce-inclusione-senza-fraternita","status":"publish","type":"post","link":"https:\/\/www.messinaoggi.it\/website\/2022\/12\/03\/disabilita-papa-non-ce-inclusione-senza-fraternita\/","title":{"rendered":"Disabilit\u00e0: Papa \u201cNon c\u2019\u00e8 inclusione senza fraternit\u00e0\u201d"},"content":{"rendered":"<div>ROMA (ITALPRESS) &#8211; &#8220;Non c&#8217;\u00e8 inclusione, infatti, se manca l&#8217;esperienza della fraternit\u00e0 e della comunione reciproca. Non c&#8217;\u00e8 inclusione se essa resta uno slogan, una formula da usare nei discorsi politicamente corretti, una bandiera di cui appropriarsi. Non c&#8217;\u00e8 inclusione se manca una conversione nelle pratiche della convivenza e delle relazioni&#8221;. Cos\u00ec Papa Francesco che, in occasione dell&#8217;odierna Giornata mondiale delle persone con disabilit\u00e0, ha ricevuto in Vaticano un gruppo di persone con disabilit\u00e0, sottolineando che &#8220;\u00e8 doveroso garantire alle persone con disabilit\u00e0 l&#8217;accesso agli edifici e ai luoghi di incontro, rendere accessibili i linguaggi e superare barriere fisiche e pregiudizi. Ma questo non basta: occorre promuovere una spiritualit\u00e0 di comunione, cos\u00ec che ognuno si senta parte di un corpo, con la sua irripetibile personalit\u00e0. Solo cos\u00ec ogni persona, con i suoi limiti e le sue doti, si sentir\u00e0 incoraggiata a fare la propria parte per il bene dell&#8217;intero corpo ecclesiale e per il bene di tutta la societ\u00e0&#8221;.<br \/>(ITALPRESS).<br \/>-foto agenziafotogramma.it-<\/div>\n<div id=\"div-gpt-ad-Messinaoggi.it-DSK-300x250-corpoart\" style=\"text-align:center;margin:0 auto;\"><\/div><\/p><div id=\"videoincontent\" style=\"clear:both\";><\/div>","protected":false},"excerpt":{"rendered":"<p>ROMA (ITALPRESS) &#8211; &#8220;Non c&#8217;\u00e8 inclusione, infatti, se manca l&#8217;esperienza della fraternit\u00e0 e della comunione reciproca. Non c&#8217;\u00e8 inclusione se essa resta uno slogan, una formula da usare nei discorsi politicamente corretti, una bandiera di cui appropriarsi. Non c&#8217;\u00e8 inclusione se manca una conversione nelle pratiche della convivenza e delle relazioni&#8221;. Cos\u00ec Papa Francesco che, [&hellip;]<\/p>\n","protected":false},"author":18,"featured_media":132666,"comment_status":"closed","ping_status":"closed","sticky":false,"template":"","format":"standard","meta":{"ub_ctt_via":"","_mi_skip_tracking":false},"categories":[446],"tags":[783],"featured_image_src":"https:\/\/www.messinaoggi.it\/website\/wp-content\/uploads\/2022\/12\/20221203_1106.jpg","author_info":{"display_name":"Admin","author_link":"https:\/\/www.messinaoggi.it\/website\/author\/admin\/"},"digistream_id":0,"digistream":false,"_links":{"self":[{"href":"https:\/\/www.messinaoggi.it\/website\/wp-json\/wp\/v2\/posts\/132665"}],"collection":[{"href":"https:\/\/www.messinaoggi.it\/website\/wp-json\/wp\/v2\/posts"}],"about":[{"href":"https:\/\/www.messinaoggi.it\/website\/wp-json\/wp\/v2\/types\/post"}],"author":[{"embeddable":true,"href":"https:\/\/www.messinaoggi.it\/website\/wp-json\/wp\/v2\/users\/18"}],"replies":[{"embeddable":true,"href":"https:\/\/www.messinaoggi.it\/website\/wp-json\/wp\/v2\/comments?post=132665"}],"version-history":[{"count":0,"href":"https:\/\/www.messinaoggi.it\/website\/wp-json\/wp\/v2\/posts\/132665\/revisions"}],"wp:featuredmedia":[{"embeddable":true,"href":"https:\/\/www.messinaoggi.it\/website\/wp-json\/wp\/v2\/media\/132666"}],"wp:attachment":[{"href":"https:\/\/www.messinaoggi.it\/website\/wp-json\/wp\/v2\/media?parent=132665"}],"wp:term":[{"taxonomy":"category","embeddable":true,"href":"https:\/\/www.messinaoggi.it\/website\/wp-json\/wp\/v2\/categories?post=132665"},{"taxonomy":"post_tag","embeddable":true,"href":"https:\/\/www.messinaoggi.it\/website\/wp-json\/wp\/v2\/tags?post=132665"}],"curies":[{"name":"wp","href":"https:\/\/api.w.org\/{rel}","templated":true}]}}