{"id":132663,"date":"2022-12-03T16:07:51","date_gmt":"2022-12-03T15:07:51","guid":{"rendered":"https:\/\/www.messinaoggi.it\/website\/2022\/12\/03\/manovra-la-russa-se-confindustria-critica-la-direzione-e-giusta\/"},"modified":"2022-12-03T16:07:51","modified_gmt":"2022-12-03T15:07:51","slug":"manovra-la-russa-se-confindustria-critica-la-direzione-e-giusta","status":"publish","type":"post","link":"https:\/\/www.messinaoggi.it\/website\/2022\/12\/03\/manovra-la-russa-se-confindustria-critica-la-direzione-e-giusta\/","title":{"rendered":"Manovra, La Russa \u201cSe Confindustria critica la direzione \u00e8 giusta\u201d"},"content":{"rendered":"<div>CATANIA (ITALPRESS) &#8211; &#8220;Sulla manovra finanziaria potr\u00f2 rispondere solo quando saranno finiti i lavori in Senato per evitare accuse dato il mio ruolo ma se Confindustria la critica vuol dire che siamo nella direzione giusta. Sul limite del contante ribadisco il pensiero gi\u00e0 espresso in passato, sono a favore di un tetto ma deve essere europeo e generalizzato&#8221;. Cos\u00ec il presidente del Senato, Ignazio La Russa, ospite alla Festa regionale del Tricolore a Catania voluta da Fratelli d&#8217;Italia per fare il punto su una serie di temi che riguardano il Mezzogiorno. &#8220;Non ha senso che un Paese abbia una quota per il cash e altri no, perch\u00e8 si crea squilibrio; \u00e8 quello che ho sempre detto, il Governo poi fa le sue scelte&#8221;. Sull&#8217;autonomia differenziata, La Russa ha poi aggiunto: &#8220;E&#8217; giusto dare alle regioni, in primis Lombardia e Veneto, che pi\u00f9 sentono questa esigenza, spazi di autonomia, ma non deve essere un&#8217;autonomia a monte, pu\u00f2 essere un&#8217;autonomia differenziata nel limite della capacit\u00e0 di saperla utilizzare&#8221;.(ITALPRESS).<br \/>-foto agenziafotogramma.it-<\/div>\n<div id=\"div-gpt-ad-Messinaoggi.it-DSK-300x250-corpoart\" style=\"text-align:center;margin:0 auto;\"><\/div><\/p><div id=\"videoincontent\" style=\"clear:both\";><\/div>","protected":false},"excerpt":{"rendered":"<p>CATANIA (ITALPRESS) &#8211; &#8220;Sulla manovra finanziaria potr\u00f2 rispondere solo quando saranno finiti i lavori in Senato per evitare accuse dato il mio ruolo ma se Confindustria la critica vuol dire che siamo nella direzione giusta. Sul limite del contante ribadisco il pensiero gi\u00e0 espresso in passato, sono a favore di un tetto ma deve essere [&hellip;]<\/p>\n","protected":false},"author":18,"featured_media":132664,"comment_status":"closed","ping_status":"closed","sticky":false,"template":"","format":"standard","meta":{"ub_ctt_via":"","_mi_skip_tracking":false},"categories":[446],"tags":[783],"featured_image_src":"https:\/\/www.messinaoggi.it\/website\/wp-content\/uploads\/2022\/12\/20221203_1032.jpg","author_info":{"display_name":"Admin","author_link":"https:\/\/www.messinaoggi.it\/website\/author\/admin\/"},"digistream_id":0,"digistream":false,"_links":{"self":[{"href":"https:\/\/www.messinaoggi.it\/website\/wp-json\/wp\/v2\/posts\/132663"}],"collection":[{"href":"https:\/\/www.messinaoggi.it\/website\/wp-json\/wp\/v2\/posts"}],"about":[{"href":"https:\/\/www.messinaoggi.it\/website\/wp-json\/wp\/v2\/types\/post"}],"author":[{"embeddable":true,"href":"https:\/\/www.messinaoggi.it\/website\/wp-json\/wp\/v2\/users\/18"}],"replies":[{"embeddable":true,"href":"https:\/\/www.messinaoggi.it\/website\/wp-json\/wp\/v2\/comments?post=132663"}],"version-history":[{"count":0,"href":"https:\/\/www.messinaoggi.it\/website\/wp-json\/wp\/v2\/posts\/132663\/revisions"}],"wp:featuredmedia":[{"embeddable":true,"href":"https:\/\/www.messinaoggi.it\/website\/wp-json\/wp\/v2\/media\/132664"}],"wp:attachment":[{"href":"https:\/\/www.messinaoggi.it\/website\/wp-json\/wp\/v2\/media?parent=132663"}],"wp:term":[{"taxonomy":"category","embeddable":true,"href":"https:\/\/www.messinaoggi.it\/website\/wp-json\/wp\/v2\/categories?post=132663"},{"taxonomy":"post_tag","embeddable":true,"href":"https:\/\/www.messinaoggi.it\/website\/wp-json\/wp\/v2\/tags?post=132663"}],"curies":[{"name":"wp","href":"https:\/\/api.w.org\/{rel}","templated":true}]}}