{"id":132630,"date":"2022-12-03T10:07:52","date_gmt":"2022-12-03T09:07:52","guid":{"rendered":"https:\/\/www.messinaoggi.it\/website\/2022\/12\/03\/giornata-disabilita-mattarella-sono-risorse-serve-piu-inclusione\/"},"modified":"2022-12-03T10:07:52","modified_gmt":"2022-12-03T09:07:52","slug":"giornata-disabilita-mattarella-sono-risorse-serve-piu-inclusione","status":"publish","type":"post","link":"https:\/\/www.messinaoggi.it\/website\/2022\/12\/03\/giornata-disabilita-mattarella-sono-risorse-serve-piu-inclusione\/","title":{"rendered":"Giornata Disabilit\u00e0, Mattarella \u201cSono risorse, serve pi\u00f9 inclusione\u201d"},"content":{"rendered":"<div>ROMA (ITALPRESS) &#8220;Sono milioni le persone con disabilit\u00e0 che ogni giorno combattono per una vita indipendente e che ci insegnano come affrontare con forza vitale e grande dignit\u00e0 le difficolt\u00e0: a loro dobbiamo rispetto. Alle loro straordinarie famiglie, ai volontari e alle associazioni che si battono per l&#8217;affermazione dei loro diritti va oggi l&#8217;apprezzamento della Repubblica&#8221;. Cos\u00ec, il Presidente della Repubblica, Sergio Mattarella, in occasione della Giornata Internazionale delle Persone con Disabilit\u00e0. &#8220;La Giornata internazionale delle persone con disabilit\u00e0 \u00e8 stata istituita dall&#8217;ONU con l&#8217;obiettivo di promuovere i diritti e il benessere di tutti coloro che convivono con una forma di disabilit\u00e0: si tratta di un numero significativo di persone, a rischio di aumentare con l&#8217;invecchiamento della popolazione &#8211; aggiunge Mattarella -. Salute, istruzione, mobilit\u00e0, lavoro, sono diritti che per le persone con disabilit\u00e0 rappresentano il frutto di lunghe battaglie lastricate di dolore, mortificazione, senso di ingiustizia e impotenza, episodi di discriminazione&#8221;. &#8220;L&#8217;inclusione delle persone con disabilit\u00e0 \u00e8 banco di prova della piena affermazione dei diritti umani. Gli importanti progressi della tecnologia sono di ausilio per superare le limitazioni che ostacolano la vita delle persone con disabilit\u00e0, favorendone la piena partecipazione. Va incoraggiato ogni progresso in questa direzione per andare oltre ogni barriera. Le persone con disabilit\u00e0 sono una risorsa per la comunit\u00e0 e la loro partecipazione alla vita della societ\u00e0 \u00e8 preziosa&#8221; conclude il Capo dello Stato.(ITALPRESS).<div id=\"div-gpt-ad-Messinaoggi.it-DSK-300x250-corpoart\" style=\"text-align:center;margin:0 auto;\"><\/div><\/p>\n<p>Photo credits: www.agenziafotogramma.it<div id=\"videoincontent\" style=\"clear:both\";><\/div><\/p><\/div>\n","protected":false},"excerpt":{"rendered":"<p>ROMA (ITALPRESS) &#8220;Sono milioni le persone con disabilit\u00e0 che ogni giorno combattono per una vita indipendente e che ci insegnano come affrontare con forza vitale e grande dignit\u00e0 le difficolt\u00e0: a loro dobbiamo rispetto. Alle loro straordinarie famiglie, ai volontari e alle associazioni che si battono per l&#8217;affermazione dei loro diritti va oggi l&#8217;apprezzamento della [&hellip;]<\/p>\n","protected":false},"author":18,"featured_media":132631,"comment_status":"closed","ping_status":"closed","sticky":false,"template":"","format":"standard","meta":{"ub_ctt_via":"","_mi_skip_tracking":false},"categories":[446],"tags":[783],"featured_image_src":"https:\/\/www.messinaoggi.it\/website\/wp-content\/uploads\/2022\/12\/20221203_0102.jpg","author_info":{"display_name":"Admin","author_link":"https:\/\/www.messinaoggi.it\/website\/author\/admin\/"},"digistream_id":0,"digistream":false,"_links":{"self":[{"href":"https:\/\/www.messinaoggi.it\/website\/wp-json\/wp\/v2\/posts\/132630"}],"collection":[{"href":"https:\/\/www.messinaoggi.it\/website\/wp-json\/wp\/v2\/posts"}],"about":[{"href":"https:\/\/www.messinaoggi.it\/website\/wp-json\/wp\/v2\/types\/post"}],"author":[{"embeddable":true,"href":"https:\/\/www.messinaoggi.it\/website\/wp-json\/wp\/v2\/users\/18"}],"replies":[{"embeddable":true,"href":"https:\/\/www.messinaoggi.it\/website\/wp-json\/wp\/v2\/comments?post=132630"}],"version-history":[{"count":0,"href":"https:\/\/www.messinaoggi.it\/website\/wp-json\/wp\/v2\/posts\/132630\/revisions"}],"wp:featuredmedia":[{"embeddable":true,"href":"https:\/\/www.messinaoggi.it\/website\/wp-json\/wp\/v2\/media\/132631"}],"wp:attachment":[{"href":"https:\/\/www.messinaoggi.it\/website\/wp-json\/wp\/v2\/media?parent=132630"}],"wp:term":[{"taxonomy":"category","embeddable":true,"href":"https:\/\/www.messinaoggi.it\/website\/wp-json\/wp\/v2\/categories?post=132630"},{"taxonomy":"post_tag","embeddable":true,"href":"https:\/\/www.messinaoggi.it\/website\/wp-json\/wp\/v2\/tags?post=132630"}],"curies":[{"name":"wp","href":"https:\/\/api.w.org\/{rel}","templated":true}]}}