{"id":132626,"date":"2022-12-03T09:20:49","date_gmt":"2022-12-03T08:20:49","guid":{"rendered":"http:\/\/www.messinaoggi.it\/website\/?p=132626"},"modified":"2022-12-03T09:39:57","modified_gmt":"2022-12-03T08:39:57","slug":"degrado-di-piazza-cairoli-qualcuno-ci-vuole-imbavagliare","status":"publish","type":"post","link":"https:\/\/www.messinaoggi.it\/website\/2022\/12\/03\/degrado-di-piazza-cairoli-qualcuno-ci-vuole-imbavagliare\/","title":{"rendered":"Degrado di Piazza Cairoli, qualcuno ci vuole imbavagliare"},"content":{"rendered":"\n<p>A qualcuno il nostro articolo sul degrado sociale di piazza Cairoli ha dato fastidio. C\u2019\u00e8 chi si ostina a voltare le spalle ad un problema che \u00e8 avvertito da molti cittadini e che merita la giusta attenzione da parte delle autorit\u00e0 pubbliche.<div id=\"div-gpt-ad-Messinaoggi.it-DSK-300x250-corpoart\" style=\"text-align:center;margin:0 auto;\"><\/div><\/p>\n\n\n\n<p>Un soggetto, evidentemente in cera di pubblicit\u00e0, che si qualifica come sociologo, invece di scrivere al nostro giornale per mostrare disappunto rispetto al contenuto dell\u2019articolo \u2013 trattasi di cronaca \u2013 ha pesato bene di indirizzare una lettera all\u2019Ordine dei giornalisti (probabilmente indottrinato da qualcuno che non conosce nemmeno il codice deontologico), nel tentativo di metterci il bavaglio rispetto ad una notizia che abbiamo pubblicato sul nostro giornale.<div id=\"videoincontent\" style=\"clear:both\";><\/div><\/p>\n\n\n\n<p>Il tizio, non solo ha inviato una lettera al nostro Ordine, ma ha diramato la stessa alla stampa locale, evitando addirittura di spedirla al nostro giornale, ed infine ha posto delle domande su Fb, alle quali avremmo potuto rispondere ben volentieri se ce lo avesse chiesto mediante i nostri canali.<\/p>\n\n\n\n<p>Il soggetto, peraltro noto a Messina per avere espresso in passato solidariet\u00e0 agli studenti occupanti di una scuola (singolare che uno solidarizzi con chi commette un reato), e per le sue idee politiche di sinistra estrema, invece di affrontare il \u00a0tema alimentando il dibattito su un problema serio che riguarda la nostra citt\u00e0, ha ritenuto opportuno scrivere all\u2019Ordine nel tentativo, mal riuscito, di metterci il bavaglio. Le domande che pone sono sei, ma correlate fra di loro e anche ripetitive. Pertanto ci limitiamo a rispondere a tre.<\/p>\n\n\n\n<p>La prima domanda che pone il tizio \u00e8 la seguente: perch\u00e9 l\u2019autore dell\u2019articolo non cita la fonte della notizia?<\/p>\n\n\n\n<p>Risposta: perch\u00e9 l\u2019autore dell\u2019articolo era presente sul luogo e non solo ha raccolto informazioni su quanto accaduto, ma ha anche documentato il tutto con foto e video, fino all\u2019arrivo dei carabinieri.<\/p>\n\n\n\n<p>Seconda domanda, come fa a stabilire che si tratti di stranieri (probabilmente nordafricani)? Risposta: perch\u00e9 un cittadino presente sul posto, che conosce l\u2019arabo per avere vissuto a Tripoli, prima dell\u2019aggressione ha colloquiato con i cittadini stranieri invitandoli ad allontanarsi ed evitare di disturbare i giovani messinesi presenti sulla piazza.<\/p>\n\n\n\n<p>Terza domanda: da dove si evince che queste persone seminano il panico? Risposta: basta fare una ricerca storica sul web per comprendere che in un recente passato si sono verificati episodi di microcriminalit\u00e0 a piazza Cairoli. E poi basta ascoltare \u2013 cosa che il giornalista ha fatto &#8211; i commercianti della zona che hanno paura per la presenza di queste bande.<\/p>\n\n\n\n<p>Speriamo di avere soddisfatto la curiosit\u00e0 di questo soggetto che ha ritenuto potesse metterci il bavaglio attraverso una lettera.<\/p>\n\n\n\n<p class=\"has-text-align-right\"><strong>Davide Gambale<\/strong><\/p>\n","protected":false},"excerpt":{"rendered":"<p>A qualcuno il nostro articolo sul degrado sociale di piazza Cairoli ha dato fastidio. C\u2019\u00e8 chi si ostina a voltare le spalle ad un problema che \u00e8 avvertito da molti cittadini e che merita la giusta attenzione da parte delle autorit\u00e0 pubbliche. Un soggetto, evidentemente in cera di pubblicit\u00e0, che si qualifica come sociologo, invece [&hellip;]<\/p>\n","protected":false},"author":2,"featured_media":132426,"comment_status":"open","ping_status":"open","sticky":false,"template":"","format":"standard","meta":{"ub_ctt_via":"","_mi_skip_tracking":false},"categories":[19],"tags":[2403,5758,129],"featured_image_src":"https:\/\/www.messinaoggi.it\/website\/wp-content\/uploads\/2022\/12\/0-1.jpg","author_info":{"display_name":"Redazione","author_link":"https:\/\/www.messinaoggi.it\/website\/author\/redazione\/"},"digistream_id":0,"digistream":false,"_links":{"self":[{"href":"https:\/\/www.messinaoggi.it\/website\/wp-json\/wp\/v2\/posts\/132626"}],"collection":[{"href":"https:\/\/www.messinaoggi.it\/website\/wp-json\/wp\/v2\/posts"}],"about":[{"href":"https:\/\/www.messinaoggi.it\/website\/wp-json\/wp\/v2\/types\/post"}],"author":[{"embeddable":true,"href":"https:\/\/www.messinaoggi.it\/website\/wp-json\/wp\/v2\/users\/2"}],"replies":[{"embeddable":true,"href":"https:\/\/www.messinaoggi.it\/website\/wp-json\/wp\/v2\/comments?post=132626"}],"version-history":[{"count":2,"href":"https:\/\/www.messinaoggi.it\/website\/wp-json\/wp\/v2\/posts\/132626\/revisions"}],"predecessor-version":[{"id":132628,"href":"https:\/\/www.messinaoggi.it\/website\/wp-json\/wp\/v2\/posts\/132626\/revisions\/132628"}],"wp:featuredmedia":[{"embeddable":true,"href":"https:\/\/www.messinaoggi.it\/website\/wp-json\/wp\/v2\/media\/132426"}],"wp:attachment":[{"href":"https:\/\/www.messinaoggi.it\/website\/wp-json\/wp\/v2\/media?parent=132626"}],"wp:term":[{"taxonomy":"category","embeddable":true,"href":"https:\/\/www.messinaoggi.it\/website\/wp-json\/wp\/v2\/categories?post=132626"},{"taxonomy":"post_tag","embeddable":true,"href":"https:\/\/www.messinaoggi.it\/website\/wp-json\/wp\/v2\/tags?post=132626"}],"curies":[{"name":"wp","href":"https:\/\/api.w.org\/{rel}","templated":true}]}}